{"id":71339,"date":"2026-09-02T19:49:05","date_gmt":"2026-09-02T22:49:05","guid":{"rendered":"http:\/\/masquenoticiastucuman.com.ar\/?p=71339"},"modified":"2026-09-02T19:49:05","modified_gmt":"2026-09-02T22:49:05","slug":"en-tres-anos-apenas-cinco-provincias-lograron-mas-creacion-de-empleo-privado-formal","status":"publish","type":"post","link":"https:\/\/masquenoticiastucuman.com.ar\/?p=71339","title":{"rendered":"En tres a\u00f1os apenas cinco provincias lograron m\u00e1s creaci\u00f3n de empleo privado formal"},"content":{"rendered":"<ul>\n<li>Tucum\u00e1n, Neuqu\u00e9n, La Rioja, San Juan y R\u00edo Negro son los \u00fanicos territorios que cerraron con signo positivo, seg\u00fan un relevamiento privado.<\/li>\n<\/ul>\n<p>\u200bTucum\u00e1n, Neuqu\u00e9n, La Rioja, San Juan y R\u00edo Negro son los \u00fanicos territorios que cerraron con signo positivo, seg\u00fan un relevamiento privado.\u00a0<a href=\"https:\/\/www.clarin.com\/economia\/anos-apenas-provincias-lograron-creacion-empleo-privado-formal_0_SKfFBL6km8.html\" target=\"_blank\" class=\"feedzy-rss-link-icon\">Read More<\/a><\/p>","protected":false},"excerpt":{"rendered":"<p>Tucum\u00e1n, Neuqu\u00e9n, La Rioja, San Juan y R\u00edo Negro son los \u00fanicos territorios que cerraron&#8230;<\/p>\n","protected":false},"author":1,"featured_media":0,"comment_status":"open","ping_status":"open","sticky":false,"template":"","format":"standard","meta":{"footnotes":"","_members_access_role":[],"_members_access_error":""},"categories":[3],"tags":[],"class_list":["post-71339","post","type-post","status-publish","format-standard","has-post-thumbnail","hentry","category-nacionales"],"_links":{"self":[{"href":"https:\/\/masquenoticiastucuman.com.ar\/index.php?rest_route=\/wp\/v2\/posts\/71339","targetHints":{"allow":["GET"]}}],"collection":[{"href":"https:\/\/masquenoticiastucuman.com.ar\/index.php?rest_route=\/wp\/v2\/posts"}],"about":[{"href":"https:\/\/masquenoticiastucuman.com.ar\/index.php?rest_route=\/wp\/v2\/types\/post"}],"author":[{"embeddable":true,"href":"https:\/\/masquenoticiastucuman.com.ar\/index.php?rest_route=\/wp\/v2\/users\/1"}],"replies":[{"embeddable":true,"href":"https:\/\/masquenoticiastucuman.com.ar\/index.php?rest_route=%2Fwp%2Fv2%2Fcomments&post=71339"}],"version-history":[{"count":0,"href":"https:\/\/masquenoticiastucuman.com.ar\/index.php?rest_route=\/wp\/v2\/posts\/71339\/revisions"}],"wp:attachment":[{"href":"https:\/\/masquenoticiastucuman.com.ar\/index.php?rest_route=%2Fwp%2Fv2%2Fmedia&parent=71339"}],"wp:term":[{"taxonomy":"category","embeddable":true,"href":"https:\/\/masquenoticiastucuman.com.ar\/index.php?rest_route=%2Fwp%2Fv2%2Fcategories&post=71339"},{"taxonomy":"post_tag","embeddable":true,"href":"https:\/\/masquenoticiastucuman.com.ar\/index.php?rest_route=%2Fwp%2Fv2%2Ftags&post=71339"}],"curies":[{"name":"wp","href":"https:\/\/api.w.org\/{rel}","templated":true}]}}