{"id":71343,"date":"2026-09-02T21:36:20","date_gmt":"2026-09-03T00:36:20","guid":{"rendered":"http:\/\/masquenoticiastucuman.com.ar\/?p=71343"},"modified":"2026-09-02T21:36:20","modified_gmt":"2026-09-03T00:36:20","slug":"crece-el-escandalo-con-los-arbitros-en-la-afa-el-detras-de-escena-del-pedido-de-lanus-para-cambiar-a-beligoy-y-la-promesa-de-chiqui-tapia","status":"publish","type":"post","link":"https:\/\/masquenoticiastucuman.com.ar\/?p=71343","title":{"rendered":"Crece el esc\u00e1ndalo con los \u00e1rbitros en la AFA: el detr\u00e1s de escena del pedido de Lan\u00fas para cambiar a Beligoy y la promesa de Chiqui Tapia"},"content":{"rendered":"<ul>\n<li>El presidente del &#8220;Granate&#8221;, Nicol\u00e1s Russo, expuso p\u00fablicamente su disconformismo con la conducci\u00f3n arbitral.<\/li>\n<li>Las dos razones por las que el presidente de AFA necesita que le vaya bien a Boca.<\/li>\n<\/ul>\n<p>\u200bEl presidente del &#8220;Granate&#8221;, Nicol\u00e1s Russo, expuso p\u00fablicamente su disconformismo con la conducci\u00f3n arbitral.Las dos razones por las que el presidente de AFA necesita que le vaya bien a Boca.\u00a0<a href=\"https:\/\/www.clarin.com\/deportes\/crece-escandalo-arbitros-afa-detras-escena-pedido-lanus-cambiar-beligoy-promesa-chiqui-tapia_0_952abfHJKA.html\" target=\"_blank\" class=\"feedzy-rss-link-icon\">Read More<\/a><\/p>","protected":false},"excerpt":{"rendered":"<p>El presidente del &#8220;Granate&#8221;, Nicol\u00e1s Russo, expuso p\u00fablicamente su disconformismo con la conducci\u00f3n arbitral. Las&#8230;<\/p>\n","protected":false},"author":1,"featured_media":0,"comment_status":"open","ping_status":"open","sticky":false,"template":"","format":"standard","meta":{"footnotes":"","_members_access_role":[],"_members_access_error":""},"categories":[6],"tags":[],"class_list":["post-71343","post","type-post","status-publish","format-standard","has-post-thumbnail","hentry","category-deportes"],"_links":{"self":[{"href":"https:\/\/masquenoticiastucuman.com.ar\/index.php?rest_route=\/wp\/v2\/posts\/71343","targetHints":{"allow":["GET"]}}],"collection":[{"href":"https:\/\/masquenoticiastucuman.com.ar\/index.php?rest_route=\/wp\/v2\/posts"}],"about":[{"href":"https:\/\/masquenoticiastucuman.com.ar\/index.php?rest_route=\/wp\/v2\/types\/post"}],"author":[{"embeddable":true,"href":"https:\/\/masquenoticiastucuman.com.ar\/index.php?rest_route=\/wp\/v2\/users\/1"}],"replies":[{"embeddable":true,"href":"https:\/\/masquenoticiastucuman.com.ar\/index.php?rest_route=%2Fwp%2Fv2%2Fcomments&post=71343"}],"version-history":[{"count":0,"href":"https:\/\/masquenoticiastucuman.com.ar\/index.php?rest_route=\/wp\/v2\/posts\/71343\/revisions"}],"wp:attachment":[{"href":"https:\/\/masquenoticiastucuman.com.ar\/index.php?rest_route=%2Fwp%2Fv2%2Fmedia&parent=71343"}],"wp:term":[{"taxonomy":"category","embeddable":true,"href":"https:\/\/masquenoticiastucuman.com.ar\/index.php?rest_route=%2Fwp%2Fv2%2Fcategories&post=71343"},{"taxonomy":"post_tag","embeddable":true,"href":"https:\/\/masquenoticiastucuman.com.ar\/index.php?rest_route=%2Fwp%2Fv2%2Ftags&post=71343"}],"curies":[{"name":"wp","href":"https:\/\/api.w.org\/{rel}","templated":true}]}}