{"id":71347,"date":"2026-09-02T20:14:00","date_gmt":"2026-09-02T23:14:00","guid":{"rendered":"http:\/\/masquenoticiastucuman.com.ar\/?p=71347"},"modified":"2026-09-02T20:14:00","modified_gmt":"2026-09-02T23:14:00","slug":"los-nuevos-smartwatches-de-huawei-apuestan-por-el-deporte-extremo-y-funciones-medicas-certificadas","status":"publish","type":"post","link":"https:\/\/masquenoticiastucuman.com.ar\/?p=71347","title":{"rendered":"Los nuevos smartwatches de Huawei apuestan por el deporte extremo y funciones m\u00e9dicas certificadas"},"content":{"rendered":"<p>La empresa de origen chino mostr\u00f3 las novedades con wearables, tablets, smartphones y audio, reforzando su inter\u00e9s en la salud y el deporte<\/p>\n<p>                                                                <!-- Begin comScore Tag --><\/p>\n<p>                                    <img decoding=\"async\" src=\"https:\/\/sb.scorecardresearch.com\/p?c1=2&amp;c2=16597048&amp;cv=3.6.0&amp;cj=1\" \/><\/p>\n<p>                                <!-- End comScore Tag --><\/p>\n<p>                            \u200bLa empresa de origen chino mostr\u00f3 las novedades con wearables, tablets, smartphones y audio, reforzando su inter\u00e9s en la salud y el deporte\u00a0<a href=\"https:\/\/www.iprofesional.com\/tecnologia\/463654-huawei-presento-smartwatches-con-funciones-medicas-certificadas-y-tablets-ultralivianas\" target=\"_blank\" class=\"feedzy-rss-link-icon\">Read More<\/a><\/p>","protected":false},"excerpt":{"rendered":"<p>La empresa de origen chino mostr\u00f3 las novedades con wearables, tablets, smartphones y audio, reforzando&#8230;<\/p>\n","protected":false},"author":1,"featured_media":0,"comment_status":"open","ping_status":"open","sticky":false,"template":"","format":"standard","meta":{"footnotes":"","_members_access_role":[],"_members_access_error":""},"categories":[8],"tags":[],"class_list":["post-71347","post","type-post","status-publish","format-standard","has-post-thumbnail","hentry","category-tecnologia"],"_links":{"self":[{"href":"https:\/\/masquenoticiastucuman.com.ar\/index.php?rest_route=\/wp\/v2\/posts\/71347","targetHints":{"allow":["GET"]}}],"collection":[{"href":"https:\/\/masquenoticiastucuman.com.ar\/index.php?rest_route=\/wp\/v2\/posts"}],"about":[{"href":"https:\/\/masquenoticiastucuman.com.ar\/index.php?rest_route=\/wp\/v2\/types\/post"}],"author":[{"embeddable":true,"href":"https:\/\/masquenoticiastucuman.com.ar\/index.php?rest_route=\/wp\/v2\/users\/1"}],"replies":[{"embeddable":true,"href":"https:\/\/masquenoticiastucuman.com.ar\/index.php?rest_route=%2Fwp%2Fv2%2Fcomments&post=71347"}],"version-history":[{"count":0,"href":"https:\/\/masquenoticiastucuman.com.ar\/index.php?rest_route=\/wp\/v2\/posts\/71347\/revisions"}],"wp:attachment":[{"href":"https:\/\/masquenoticiastucuman.com.ar\/index.php?rest_route=%2Fwp%2Fv2%2Fmedia&parent=71347"}],"wp:term":[{"taxonomy":"category","embeddable":true,"href":"https:\/\/masquenoticiastucuman.com.ar\/index.php?rest_route=%2Fwp%2Fv2%2Fcategories&post=71347"},{"taxonomy":"post_tag","embeddable":true,"href":"https:\/\/masquenoticiastucuman.com.ar\/index.php?rest_route=%2Fwp%2Fv2%2Ftags&post=71347"}],"curies":[{"name":"wp","href":"https:\/\/api.w.org\/{rel}","templated":true}]}}