{"id":71348,"date":"2026-09-03T07:35:49","date_gmt":"2026-09-03T10:35:49","guid":{"rendered":"https:\/\/masquenoticiastucuman.com.ar\/?p=71348"},"modified":"2026-09-03T07:35:49","modified_gmt":"2026-09-03T10:35:49","slug":"el-septiembre-musical-llega-a-bares-de-la-capital-y-el-interior","status":"publish","type":"post","link":"https:\/\/masquenoticiastucuman.com.ar\/?p=71348","title":{"rendered":"El Septiembre Musical llega a bares de la capital y el interior"},"content":{"rendered":"\n<p class=\"wp-block-paragraph\">El programa Cultura Bar desplegar\u00e1 esta semana una agenda de presentaciones de artistas tucumanos en bares y espacios gastron\u00f3micos de distintos puntos de la provincia.<\/p>\n\n\n\n<p class=\"wp-block-paragraph\">En el marco de la&nbsp;<strong>66\u00aa edici\u00f3n del Septiembre Musical<\/strong>, organizado por el&nbsp;<strong>Gobierno de la Provincia de Tucum\u00e1n, a trav\u00e9s del Ente Cultural, con el apoyo del Consejo Federal de Inversiones (CFI)<\/strong>, el programa&nbsp;<strong>Cultura Bar<\/strong>&nbsp;desplegar\u00e1 esta semana una agenda de presentaciones de artistas tucumanos en bares y espacios gastron\u00f3micos de distintos puntos de la provincia.<\/p>\n\n\n\n<p class=\"wp-block-paragraph\">Impulsado por el Ente Cultural,&nbsp;<strong>Cultura Bar forma parte de la programaci\u00f3n del Septiembre Musical<\/strong>&nbsp;y propone ampliar los circuitos de circulaci\u00f3n de la m\u00fasica en vivo, generar oportunidades para los artistas independientes y llevar las actividades del festival m\u00e1s all\u00e1 de sus escenarios tradicionales. Durante esta primera semana, habr\u00e1 presentaciones en&nbsp;<strong>San Miguel de Tucum\u00e1n, Lules y Taf\u00ed Viejo<\/strong>.<\/p>\n\n\n\n<p class=\"wp-block-paragraph\">La programaci\u00f3n comenzar\u00e1 el&nbsp;<strong>jueves 3 de septiembre, a las 21 h<\/strong>, con&nbsp;<strong>La Vespa<\/strong>&nbsp;en&nbsp;<strong>Jack Lemon (Alem 288, Taf\u00ed Viejo)<\/strong>. La banda transita el rock y el blues con un sonido potente y canciones inspiradas en la ruta y el camino.<\/p>\n\n\n\n<p class=\"wp-block-paragraph\">Ese mismo jueves, a las&nbsp;<strong>22 h<\/strong>,&nbsp;<strong>Suerte Vagabunda<\/strong>&nbsp;se presentar\u00e1 en&nbsp;<strong>Irlanda (Catamarca 380)<\/strong>. La formaci\u00f3n tucumana debut\u00f3 en 2022 con un tributo a Patricio Rey y sus Redonditos de Ricota y desde entonces recorri\u00f3 distintos escenarios de la provincia con homenajes a referentes del rock nacional, entre ellos La Renga. Integran la banda Emilio Mucevich en voz, Christian \u201cFiguey\u201d Figueroa en guitarra y coros, \u00c1lvaro Sotillo en bajo, Jos\u00e9 \u201cNacho\u201d Ju\u00e1rez en saxo y Pako Heredia en bater\u00eda.<\/p>\n\n\n\n<p class=\"wp-block-paragraph\">El&nbsp;<strong>viernes 4, a las 22 h<\/strong>,&nbsp;<strong>Agust\u00edn Goytia<\/strong>&nbsp;se presentar\u00e1 en&nbsp;<strong>Oskar Bar (V\u00edrgen de la Merced 611)<\/strong>. M\u00fasico y artista visual, forma parte de la escena tucumana desde comienzos de los a\u00f1os 2000. Integr\u00f3 el d\u00fao Michael Stuar y el tr\u00edo Goyt\u00eda\/Sidecar, adem\u00e1s de colaborar en las presentaciones en vivo de Vera y las B\u00f3vedas. Como solista public\u00f3&nbsp;<em>El Camino<\/em>&nbsp;(2019) y&nbsp;<em>Geograf\u00eda existencial<\/em>&nbsp;(2021).<\/p>\n\n\n\n<p class=\"wp-block-paragraph\">Tambi\u00e9n el viernes, a las&nbsp;<strong>22 h<\/strong>,&nbsp;<strong>El Table\u00f1ito Tucumano<\/strong>&nbsp;actuar\u00e1 en&nbsp;<strong>Panificaci\u00f3n Albertus, en Lules<\/strong>. Nacido en Potrero de las Tablas, comenz\u00f3 a cantar en celebraciones escolares y fiestas patronales de Lules, para luego recorrer escenarios de distintas provincias del pa\u00eds. En 2025 grab\u00f3 en su lugar de origen una zamba dedicada a su abuelo Mart\u00edn L\u00f3pez, con letra y m\u00fasica del cantautor lule\u00f1o Luis Cerezuela.<\/p>\n\n\n\n<p class=\"wp-block-paragraph\">De esta manera, Cultura Bar extiende la presencia del&nbsp;<strong>66\u00ba Septiembre Musical<\/strong>&nbsp;hacia distintos circuitos de la provincia, promoviendo el encuentro entre artistas, espacios gastron\u00f3micos y p\u00fablicos de diferentes localidades.<\/p>\n\n\n\n<h3 class=\"wp-block-heading\">Programaci\u00f3n de la semana<\/h3>\n\n\n\n<p class=\"wp-block-paragraph\"><strong>Jueves 3 \u2013 21 h<\/strong><br>La Vespa \u2013 Jack Lemon<\/p>\n\n\n\n<p class=\"wp-block-paragraph\"><strong>Jueves 3 \u2013 22 h<\/strong><br>Suerte Vagabunda \u2013 Irlanda<\/p>\n\n\n\n<p class=\"wp-block-paragraph\"><strong>Viernes 4 \u2013 22 h<\/strong><br>Agust\u00edn Goytia \u2013 Oskar Bar<\/p>\n\n\n\n<p class=\"wp-block-paragraph\"><strong>Viernes 4 \u2013 22 h<\/strong><br>El Table\u00f1ito Tucumano \u2013 Panificaci\u00f3n Albertus, Lules<\/p>\n","protected":false},"excerpt":{"rendered":"<p>El programa Cultura Bar desplegar\u00e1 esta semana una agenda de presentaciones de artistas tucumanos en&#8230;<\/p>\n","protected":false},"author":2,"featured_media":71349,"comment_status":"open","ping_status":"open","sticky":false,"template":"","format":"standard","meta":{"footnotes":"","_members_access_role":[],"_members_access_error":""},"categories":[2],"tags":[],"class_list":["post-71348","post","type-post","status-publish","format-standard","has-post-thumbnail","hentry","category-locales"],"_links":{"self":[{"href":"https:\/\/masquenoticiastucuman.com.ar\/index.php?rest_route=\/wp\/v2\/posts\/71348","targetHints":{"allow":["GET"]}}],"collection":[{"href":"https:\/\/masquenoticiastucuman.com.ar\/index.php?rest_route=\/wp\/v2\/posts"}],"about":[{"href":"https:\/\/masquenoticiastucuman.com.ar\/index.php?rest_route=\/wp\/v2\/types\/post"}],"author":[{"embeddable":true,"href":"https:\/\/masquenoticiastucuman.com.ar\/index.php?rest_route=\/wp\/v2\/users\/2"}],"replies":[{"embeddable":true,"href":"https:\/\/masquenoticiastucuman.com.ar\/index.php?rest_route=%2Fwp%2Fv2%2Fcomments&post=71348"}],"version-history":[{"count":1,"href":"https:\/\/masquenoticiastucuman.com.ar\/index.php?rest_route=\/wp\/v2\/posts\/71348\/revisions"}],"predecessor-version":[{"id":71350,"href":"https:\/\/masquenoticiastucuman.com.ar\/index.php?rest_route=\/wp\/v2\/posts\/71348\/revisions\/71350"}],"wp:featuredmedia":[{"embeddable":true,"href":"https:\/\/masquenoticiastucuman.com.ar\/index.php?rest_route=\/wp\/v2\/media\/71349"}],"wp:attachment":[{"href":"https:\/\/masquenoticiastucuman.com.ar\/index.php?rest_route=%2Fwp%2Fv2%2Fmedia&parent=71348"}],"wp:term":[{"taxonomy":"category","embeddable":true,"href":"https:\/\/masquenoticiastucuman.com.ar\/index.php?rest_route=%2Fwp%2Fv2%2Fcategories&post=71348"},{"taxonomy":"post_tag","embeddable":true,"href":"https:\/\/masquenoticiastucuman.com.ar\/index.php?rest_route=%2Fwp%2Fv2%2Ftags&post=71348"}],"curies":[{"name":"wp","href":"https:\/\/api.w.org\/{rel}","templated":true}]}}