{"id":71351,"date":"2026-09-03T08:10:45","date_gmt":"2026-09-03T11:10:45","guid":{"rendered":"https:\/\/masquenoticiastucuman.com.ar\/?p=71351"},"modified":"2026-09-03T08:10:46","modified_gmt":"2026-09-03T11:10:46","slug":"jaldo-visito-la-cocha-para-supervisar-obras-hidricas-pavimento-y-entregar-maquinaria","status":"publish","type":"post","link":"https:\/\/masquenoticiastucuman.com.ar\/?p=71351","title":{"rendered":"Jaldo visit\u00f3 La Cocha para supervisar obras h\u00eddricas, pavimento y entregar maquinaria"},"content":{"rendered":"\n<p class=\"wp-block-paragraph\">El Gobernador recorri\u00f3 la obra de revestimiento con gaviones del Canal Colector Pluvial Principal y encabez\u00f3 el acto de entrega de una excavadora sobre orugas. Adem\u00e1s, inaugur\u00f3 8.000 metros cuadrados de pavimento de hormig\u00f3n en la ciudad.<\/p>\n\n\n\n<p class=\"wp-block-paragraph\">El gobernador,&nbsp;<strong>Osvaldo Jaldo<\/strong>, visit\u00f3 este mi\u00e9rcoles la ciudad de La Cocha, donde recorri\u00f3 la obra de revestimiento con gaviones ejecutada en el Canal Colector Pluvial Principal, que alcanz\u00f3 una extensi\u00f3n de 287,30 metros lineales.<\/p>\n\n\n\n<p class=\"wp-block-paragraph\">Durante la jornada, el mandatario provincial tambi\u00e9n particip\u00f3 del acto de entrega de una excavadora sobre orugas y de la inauguraci\u00f3n de 8.000 metros cuadrados de pavimento de hormig\u00f3n.<\/p>\n\n\n\n<p class=\"wp-block-paragraph\">La agenda de actividades se desarroll\u00f3 junto a autoridades provinciales y municipales, en el marco de las acciones impulsadas por el Gobierno de Tucum\u00e1n para el desarrollo de infraestructura en el interior de la provincia.<\/p>\n\n\n\n<p class=\"wp-block-paragraph\">Jaldo estuvo acompa\u00f1ado por el vicegobernador,&nbsp;<strong>Miguel Acevedo<\/strong>; los ministros<strong>&nbsp;Dar\u00edo Monteros<\/strong>&nbsp;(Interior),&nbsp;<strong>Regino Amado<\/strong>&nbsp;(Gobierno y Justicia); el presidente del Ente Tucum\u00e1n Turismo,&nbsp;<strong>Domingo Amaya<\/strong>; el secretario de Gobierno,&nbsp;<strong>Ra\u00fal Albarrac\u00edn<\/strong>; la intendente local&nbsp;<strong>Gabriela Rodr\u00edguez<\/strong>; los intendentes&nbsp;<strong>Bruno Romano<\/strong>&nbsp;(Alberdi),&nbsp;<strong>Raquel Graneros<\/strong>&nbsp;(Graneros),&nbsp;<strong>Francisco Caliva<\/strong>&nbsp;(Taf\u00ed del Valle); los legisladores&nbsp;<strong>Leopoldo Rodr\u00edguez<\/strong>,&nbsp;<strong>Sara Lazarte<\/strong>,&nbsp;<strong>Carlos Funes<\/strong>,&nbsp;<strong>Nancy Bulacios<\/strong>,&nbsp;<strong>Francisco Serra<\/strong>,&nbsp;<strong>Alberto Olea<\/strong>,&nbsp;<strong>Alejandro Figueroa<\/strong>,&nbsp;<strong>Patricia Lizarraga<\/strong>,&nbsp;<strong>Alejandra Cejas<\/strong>,&nbsp;<strong>Ger\u00f3nimo Vargas Aignasse<\/strong>,&nbsp;<strong>Sandra Figueroa<\/strong>,&nbsp;<strong>Marcelo Herrera<\/strong>; concejales y comisionados comunales y&nbsp;<strong>Claudia Jaldo<\/strong>.<\/p>\n\n\n\n<p class=\"wp-block-paragraph\">Durante la recorrida, el Gobernador destac\u00f3 la ejecuci\u00f3n de obras destinadas a la prevenci\u00f3n de anegamientos ante la llegada de la temporada de lluvias. \u201cEn La Cocha, como en todos los lugares, estamos haciendo trabajos importantes para esperar el verano y tambi\u00e9n para poder ver si se aten\u00faa, si evita inundaci\u00f3n en los diferentes lugares\u201d, sostuvo.<\/p>\n\n\n\n<p class=\"wp-block-paragraph\">En ese marco, Jaldo destac\u00f3 la incorporaci\u00f3n de maquinaria para fortalecer la capacidad de respuesta del municipio. \u201cHoy ya La Cocha tiene el equipo vial ac\u00e1\u201d, afirm\u00f3, y explic\u00f3 que el equipo permitir\u00e1 realizar trabajos de canalizaci\u00f3n de desag\u00fces, limpieza de banquinas y alcantarillas y tareas en los sectores cercanos al r\u00edo.<\/p>\n\n\n\n<p class=\"wp-block-paragraph\">El mandatario tambi\u00e9n resalt\u00f3 el trabajo conjunto entre la Provincia y los gobiernos locales. \u201cVamos a seguir trabajando con los 19 municipios, sin distinci\u00f3n de banderas pol\u00edticas, incluido San Miguel de Tucum\u00e1n. Vamos a seguir trabajando en las 93 comunas\u201d, sostuvo.<\/p>\n\n\n\n<p class=\"wp-block-paragraph\">Por su parte, el vicegobernador Miguel Acevedo destac\u00f3 las obras h\u00eddricas, la pavimentaci\u00f3n y la entrega de maquinaria. \u201cLas obras no se detienen ac\u00e1 en La Cocha. El cuidado y la labor que desarrolla el municipio est\u00e1 siempre respaldado, no tan solo por el gobernador Osvaldo Jaldo, sino tambi\u00e9n por un Ministerio de Interior que est\u00e1 haciendo un trabajo federal\u201d, afirm\u00f3.<\/p>\n\n\n\n<p class=\"wp-block-paragraph\">El ministro del Interior, Dar\u00edo Monteros, resalt\u00f3 la intervenci\u00f3n realizada en el canal central de desag\u00fce y se\u00f1al\u00f3 que la obra permitir\u00e1 prevenir anegamientos en distintos barrios de la ciudad. Tambi\u00e9n destac\u00f3 la entrega del equipo vial y la pavimentaci\u00f3n de la avenida Salta, que comprendi\u00f3 una primera etapa de m\u00e1s de 8.000 metros cuadrados de hormig\u00f3n.<\/p>\n\n\n\n<p class=\"wp-block-paragraph\">\u201cEste es el camino que vamos llevando adelante en el interior, de la mano del gobernador Osvaldo Jaldo, y con el gran trabajo que vienen realizando los intendentes del interior\u201d, expres\u00f3 Monteros.<\/p>\n\n\n\n<p class=\"wp-block-paragraph\">La intendente Gabriela Rodr\u00edguez destac\u00f3 las obras ejecutadas y precis\u00f3 que la reparaci\u00f3n con gaviones del canal colector pluvial alcanz\u00f3 un avance del 70 por ciento. \u201cEra una obra prioritaria que requer\u00eda que se la haga con prontitud tambi\u00e9n para poder menguar y apaciguar lo que es la \u00e9poca de lluvias\u201d, se\u00f1al\u00f3.<\/p>\n\n\n\n<p class=\"wp-block-paragraph\">A su vez, el legislador Leopoldo Rodr\u00edguez valor\u00f3 el acompa\u00f1amiento provincial y destac\u00f3 el homenaje realizado durante la jornada al \u201cPuma\u201d Rodr\u00edguez y a Susana. Adem\u00e1s, resalt\u00f3 la importancia del parador tur\u00edstico de La Cocha como punto de ingreso a Tucum\u00e1n por la Ruta Nacional 38.<\/p>\n\n\n\n<p class=\"wp-block-paragraph\">\u201cEsto sin duda que abre posibilidades, abre oportunidades para La Cocha, y nos pone en vidriera\u201d, sostuvo el legislador, quien se\u00f1al\u00f3 que el proyecto forma parte del desaf\u00edo de darle una identidad a la ciudad.<\/p>\n","protected":false},"excerpt":{"rendered":"<p>El Gobernador recorri\u00f3 la obra de revestimiento con gaviones del Canal Colector Pluvial Principal y&#8230;<\/p>\n","protected":false},"author":2,"featured_media":71352,"comment_status":"open","ping_status":"open","sticky":false,"template":"","format":"standard","meta":{"footnotes":"","_members_access_role":[],"_members_access_error":""},"categories":[2],"tags":[],"class_list":["post-71351","post","type-post","status-publish","format-standard","has-post-thumbnail","hentry","category-locales"],"_links":{"self":[{"href":"https:\/\/masquenoticiastucuman.com.ar\/index.php?rest_route=\/wp\/v2\/posts\/71351","targetHints":{"allow":["GET"]}}],"collection":[{"href":"https:\/\/masquenoticiastucuman.com.ar\/index.php?rest_route=\/wp\/v2\/posts"}],"about":[{"href":"https:\/\/masquenoticiastucuman.com.ar\/index.php?rest_route=\/wp\/v2\/types\/post"}],"author":[{"embeddable":true,"href":"https:\/\/masquenoticiastucuman.com.ar\/index.php?rest_route=\/wp\/v2\/users\/2"}],"replies":[{"embeddable":true,"href":"https:\/\/masquenoticiastucuman.com.ar\/index.php?rest_route=%2Fwp%2Fv2%2Fcomments&post=71351"}],"version-history":[{"count":1,"href":"https:\/\/masquenoticiastucuman.com.ar\/index.php?rest_route=\/wp\/v2\/posts\/71351\/revisions"}],"predecessor-version":[{"id":71353,"href":"https:\/\/masquenoticiastucuman.com.ar\/index.php?rest_route=\/wp\/v2\/posts\/71351\/revisions\/71353"}],"wp:featuredmedia":[{"embeddable":true,"href":"https:\/\/masquenoticiastucuman.com.ar\/index.php?rest_route=\/wp\/v2\/media\/71352"}],"wp:attachment":[{"href":"https:\/\/masquenoticiastucuman.com.ar\/index.php?rest_route=%2Fwp%2Fv2%2Fmedia&parent=71351"}],"wp:term":[{"taxonomy":"category","embeddable":true,"href":"https:\/\/masquenoticiastucuman.com.ar\/index.php?rest_route=%2Fwp%2Fv2%2Fcategories&post=71351"},{"taxonomy":"post_tag","embeddable":true,"href":"https:\/\/masquenoticiastucuman.com.ar\/index.php?rest_route=%2Fwp%2Fv2%2Ftags&post=71351"}],"curies":[{"name":"wp","href":"https:\/\/api.w.org\/{rel}","templated":true}]}}