{"id":71357,"date":"2026-09-03T06:01:49","date_gmt":"2026-09-03T09:01:49","guid":{"rendered":"http:\/\/masquenoticiastucuman.com.ar\/?p=71357"},"modified":"2026-09-03T06:01:49","modified_gmt":"2026-09-03T09:01:49","slug":"los-primeros-amistosos-de-la-seleccion-sin-messi-serian-en-argentina-rivales-a-confirmar-y-que-hara-el-ex-capitan","status":"publish","type":"post","link":"https:\/\/masquenoticiastucuman.com.ar\/?p=71357","title":{"rendered":"Los primeros amistosos de la Selecci\u00f3n sin Messi: ser\u00edan en Argentina, rivales a confirmar y qu\u00e9 har\u00e1 el ex capit\u00e1n"},"content":{"rendered":"<ul>\n<li>Ser\u00e1 en la ampliada fecha FIFA, entre el 21 de septiembre y el 6 de octubre.<\/li>\n<li>Habr\u00e1 homenajes para la Scaloneta, pero el 10 ya no estar\u00e1.<\/li>\n<li>Scaloni har\u00eda una lista &#8220;s\u00e1bana&#8221; de convocados para empezar a promover el recambio.<\/li>\n<\/ul>\n<p>\u200bSer\u00e1 en la ampliada fecha FIFA, entre el 21 de septiembre y el 6 de octubre.Habr\u00e1 homenajes para la Scaloneta, pero el 10 ya no estar\u00e1.Scaloni har\u00eda una lista &#8220;s\u00e1bana&#8221; de convocados para empezar a promover el recambio.\u00a0<a href=\"https:\/\/www.clarin.com\/deportes\/primeros-amistosos-seleccion-messi-argentina-rivales-confirmar-hara-ex-capitan_0_TmaYYOJeG0.html\" target=\"_blank\" class=\"feedzy-rss-link-icon\">Read More<\/a><\/p>","protected":false},"excerpt":{"rendered":"<p>Ser\u00e1 en la ampliada fecha FIFA, entre el 21 de septiembre y el 6 de&#8230;<\/p>\n","protected":false},"author":1,"featured_media":0,"comment_status":"open","ping_status":"open","sticky":false,"template":"","format":"standard","meta":{"footnotes":"","_members_access_role":[],"_members_access_error":""},"categories":[6],"tags":[],"class_list":["post-71357","post","type-post","status-publish","format-standard","has-post-thumbnail","hentry","category-deportes"],"_links":{"self":[{"href":"https:\/\/masquenoticiastucuman.com.ar\/index.php?rest_route=\/wp\/v2\/posts\/71357","targetHints":{"allow":["GET"]}}],"collection":[{"href":"https:\/\/masquenoticiastucuman.com.ar\/index.php?rest_route=\/wp\/v2\/posts"}],"about":[{"href":"https:\/\/masquenoticiastucuman.com.ar\/index.php?rest_route=\/wp\/v2\/types\/post"}],"author":[{"embeddable":true,"href":"https:\/\/masquenoticiastucuman.com.ar\/index.php?rest_route=\/wp\/v2\/users\/1"}],"replies":[{"embeddable":true,"href":"https:\/\/masquenoticiastucuman.com.ar\/index.php?rest_route=%2Fwp%2Fv2%2Fcomments&post=71357"}],"version-history":[{"count":0,"href":"https:\/\/masquenoticiastucuman.com.ar\/index.php?rest_route=\/wp\/v2\/posts\/71357\/revisions"}],"wp:attachment":[{"href":"https:\/\/masquenoticiastucuman.com.ar\/index.php?rest_route=%2Fwp%2Fv2%2Fmedia&parent=71357"}],"wp:term":[{"taxonomy":"category","embeddable":true,"href":"https:\/\/masquenoticiastucuman.com.ar\/index.php?rest_route=%2Fwp%2Fv2%2Fcategories&post=71357"},{"taxonomy":"post_tag","embeddable":true,"href":"https:\/\/masquenoticiastucuman.com.ar\/index.php?rest_route=%2Fwp%2Fv2%2Ftags&post=71357"}],"curies":[{"name":"wp","href":"https:\/\/api.w.org\/{rel}","templated":true}]}}