{"id":71358,"date":"2026-09-03T06:01:49","date_gmt":"2026-09-03T09:01:49","guid":{"rendered":"http:\/\/masquenoticiastucuman.com.ar\/?p=71358"},"modified":"2026-09-03T06:01:49","modified_gmt":"2026-09-03T09:01:49","slug":"franco-colapinto-y-una-pista-que-premia-a-los-valientes-que-puede-esperar-del-desafio-de-monza","status":"publish","type":"post","link":"https:\/\/masquenoticiastucuman.com.ar\/?p=71358","title":{"rendered":"Franco Colapinto y una pista que premia a los valientes: qu\u00e9 puede esperar del desaf\u00edo de Monza"},"content":{"rendered":"<ul>\n<li>El argentino volver\u00e1 al circuito donde debut\u00f3 en la F\u00f3rmula 1 con Williams en 2024. <\/li>\n<li>Esta vez llega con el nuevo paquete de mejoras de Alpine, que Pierre Gasly estren\u00f3 en Zandvoort, y con la confirmaci\u00f3n de que seguir\u00e1 como piloto titular en 2027. <\/li>\n<li>Monza, con sus largas rectas y frenajes extremos, pondr\u00e1 a prueba al A526 y al propio Colapinto.<\/li>\n<\/ul>\n<p>\u200bEl argentino volver\u00e1 al circuito donde debut\u00f3 en la F\u00f3rmula 1 con Williams en 2024. Esta vez llega con el nuevo paquete de mejoras de Alpine, que Pierre Gasly estren\u00f3 en Zandvoort, y con la confirmaci\u00f3n de que seguir\u00e1 como piloto titular en 2027. Monza, con sus largas rectas y frenajes extremos, pondr\u00e1 a prueba al A526 y al propio Colapinto.\u00a0<a href=\"https:\/\/www.clarin.com\/deportes\/franco-colapinto-pista-premia-valientes-puede-esperar-desafio-monza_0_WQRczrgsm9.html\" target=\"_blank\" class=\"feedzy-rss-link-icon\">Read More<\/a><\/p>","protected":false},"excerpt":{"rendered":"<p>El argentino volver\u00e1 al circuito donde debut\u00f3 en la F\u00f3rmula 1 con Williams en 2024&#8230;.<\/p>\n","protected":false},"author":1,"featured_media":0,"comment_status":"open","ping_status":"open","sticky":false,"template":"","format":"standard","meta":{"footnotes":"","_members_access_role":[],"_members_access_error":""},"categories":[6],"tags":[],"class_list":["post-71358","post","type-post","status-publish","format-standard","has-post-thumbnail","hentry","category-deportes"],"_links":{"self":[{"href":"https:\/\/masquenoticiastucuman.com.ar\/index.php?rest_route=\/wp\/v2\/posts\/71358","targetHints":{"allow":["GET"]}}],"collection":[{"href":"https:\/\/masquenoticiastucuman.com.ar\/index.php?rest_route=\/wp\/v2\/posts"}],"about":[{"href":"https:\/\/masquenoticiastucuman.com.ar\/index.php?rest_route=\/wp\/v2\/types\/post"}],"author":[{"embeddable":true,"href":"https:\/\/masquenoticiastucuman.com.ar\/index.php?rest_route=\/wp\/v2\/users\/1"}],"replies":[{"embeddable":true,"href":"https:\/\/masquenoticiastucuman.com.ar\/index.php?rest_route=%2Fwp%2Fv2%2Fcomments&post=71358"}],"version-history":[{"count":0,"href":"https:\/\/masquenoticiastucuman.com.ar\/index.php?rest_route=\/wp\/v2\/posts\/71358\/revisions"}],"wp:attachment":[{"href":"https:\/\/masquenoticiastucuman.com.ar\/index.php?rest_route=%2Fwp%2Fv2%2Fmedia&parent=71358"}],"wp:term":[{"taxonomy":"category","embeddable":true,"href":"https:\/\/masquenoticiastucuman.com.ar\/index.php?rest_route=%2Fwp%2Fv2%2Fcategories&post=71358"},{"taxonomy":"post_tag","embeddable":true,"href":"https:\/\/masquenoticiastucuman.com.ar\/index.php?rest_route=%2Fwp%2Fv2%2Ftags&post=71358"}],"curies":[{"name":"wp","href":"https:\/\/api.w.org\/{rel}","templated":true}]}}