{"id":71359,"date":"2026-09-03T10:31:54","date_gmt":"2026-09-03T13:31:54","guid":{"rendered":"https:\/\/masquenoticiastucuman.com.ar\/?p=71359"},"modified":"2026-09-03T10:31:54","modified_gmt":"2026-09-03T13:31:54","slug":"el-clan-caro-fue-trasladado-a-una-carcel-de-maxima-seguridad-en-buenos-aires","status":"publish","type":"post","link":"https:\/\/masquenoticiastucuman.com.ar\/?p=71359","title":{"rendered":"El clan Caro fue trasladado a una c\u00e1rcel de m\u00e1xima seguridad en Buenos Aires"},"content":{"rendered":"\n<p class=\"wp-block-paragraph\">Se trata de los hermanos Francisco Emanuel, Cristian Nicol\u00e1s y Marcos Gast\u00f3n Caro, quienes fueron trasladados y ser\u00e1n alojados en las Unidades Federales en Ezeiza y Marcos Paz<\/p>\n\n\n\n<p class=\"wp-block-paragraph\">Por decisi\u00f3n del gobernador&nbsp;<strong>Osvaldo Jaldo<\/strong>&nbsp;y la Justicia, se acord\u00f3 que estos internos deb\u00edan tener un nuevo destino que se llev\u00f3 a cabo en la madrugada de este mi\u00e9rcoles, partiendo con un operativo organizado conjuntamente por el Servicio Penitenciario, la Polic\u00eda Provincial y coordinado por el Ministerio de Seguridad.<\/p>\n\n\n\n<p class=\"wp-block-paragraph\"><em>En este contexto, el director general del Servicio Penitenciario, Antonio Quinteros manifest\u00f3: \u201cEn horas tempranas el clan Caro fue trasladado a la provincia de Buenos Aires en una comisi\u00f3n integrada por el Cuerpo Especial de Rescate y Operaciones (CERO) y la Divisi\u00f3n Especial de Operaciones Penitenciarias (DEOP), quienes formaron una c\u00e1psula de seguridad integrado por varios veh\u00edculos\u201d.<\/em><\/p>\n\n\n\n<p class=\"wp-block-paragraph\">Quinteros destac\u00f3 que estas personas est\u00e1n condenadas, Francisco y Marcos por homicidio y abuso de arma de fuego y el restante por robo agravado: \u201clos primeros tienen condena larga mientras que Cristian tiene cinco a\u00f1os\u201d, expres\u00f3.<\/p>\n\n\n\n<figure class=\"wp-block-image size-large\"><img loading=\"lazy\" decoding=\"async\" width=\"1024\" height=\"502\" src=\"https:\/\/masquenoticiastucuman.com.ar\/wp-content\/uploads\/2026\/09\/260903095200_44920-1024x502.jpeg\" alt=\"\" class=\"wp-image-71360\" srcset=\"https:\/\/masquenoticiastucuman.com.ar\/wp-content\/uploads\/2026\/09\/260903095200_44920-1024x502.jpeg 1024w, https:\/\/masquenoticiastucuman.com.ar\/wp-content\/uploads\/2026\/09\/260903095200_44920-300x147.jpeg 300w, https:\/\/masquenoticiastucuman.com.ar\/wp-content\/uploads\/2026\/09\/260903095200_44920-766x376.jpeg 766w, https:\/\/masquenoticiastucuman.com.ar\/wp-content\/uploads\/2026\/09\/260903095200_44920-1023x502.jpeg 1023w, https:\/\/masquenoticiastucuman.com.ar\/wp-content\/uploads\/2026\/09\/260903095200_44920.jpeg 1280w\" sizes=\"auto, (max-width: 1024px) 100vw, 1024px\" \/><\/figure>\n\n\n\n<p class=\"wp-block-paragraph\">La tarea fue realizada a trav\u00e9s de una orden de la Justicia competente de Tucum\u00e1n.<\/p>\n\n\n\n<p class=\"wp-block-paragraph\">Por su parte, el subdirector general del Servicio Penitenciario, Diego Leal, explic\u00f3 cu\u00e1l fue el motivo de esta decisi\u00f3n: \u201cEstos internos tuvieron dificultades para adaptarse a las normas y reglamentaciones vigentes de la Instituci\u00f3n Penitenciaria, transitaron por distintas unidades dentro de lo que es el Complejo Penitenciario de Villa Urquiza dando muestras de una falta de apego a las normas y cierto falta de permeabilidad a los reglamentos; desde el punto de vista de la clasificaci\u00f3n criminol\u00f3gica, se los conceptualiza como internos de alto perfil de riesgo\u201d, dado este contexto y en virtud del convenio de asistencia rec\u00edproco con el Servicio Penitenciario Federal, \u201cfueron trasladados a una unidad de m\u00e1xima seguridad\u201d, confirm\u00f3 Leal.<\/p>\n\n\n\n<figure class=\"wp-block-image size-large\"><img loading=\"lazy\" decoding=\"async\" width=\"1024\" height=\"576\" src=\"https:\/\/masquenoticiastucuman.com.ar\/wp-content\/uploads\/2026\/09\/260903095208_89545-1024x576.jpeg\" alt=\"\" class=\"wp-image-71368\" srcset=\"https:\/\/masquenoticiastucuman.com.ar\/wp-content\/uploads\/2026\/09\/260903095208_89545-1024x576-1.jpeg 1024w, https:\/\/masquenoticiastucuman.com.ar\/wp-content\/uploads\/2026\/09\/260903095208_89545-300x169.jpeg 300w, https:\/\/masquenoticiastucuman.com.ar\/wp-content\/uploads\/2026\/09\/260903095208_89545-768x432.jpeg 768w, https:\/\/masquenoticiastucuman.com.ar\/wp-content\/uploads\/2026\/09\/260903095208_89545.jpeg 1280w\" sizes=\"auto, (max-width: 1024px) 100vw, 1024px\" \/><\/figure>\n\n\n\n<p class=\"wp-block-paragraph\">Francisco y Marcos ser\u00e1n alojados en el Complejo Penitenciario Federal I de Ezeiza, mientras que Cristian permanecer\u00e1 en el Complejo Penitenciario Federal II de Marcos Paz.<\/p>\n","protected":false},"excerpt":{"rendered":"<p>Se trata de los hermanos Francisco Emanuel, Cristian Nicol\u00e1s y Marcos Gast\u00f3n Caro, quienes fueron&#8230;<\/p>\n","protected":false},"author":2,"featured_media":71369,"comment_status":"open","ping_status":"open","sticky":false,"template":"","format":"standard","meta":{"footnotes":"","_members_access_role":[],"_members_access_error":""},"categories":[2],"tags":[],"class_list":["post-71359","post","type-post","status-publish","format-standard","has-post-thumbnail","hentry","category-locales"],"_links":{"self":[{"href":"https:\/\/masquenoticiastucuman.com.ar\/index.php?rest_route=\/wp\/v2\/posts\/71359","targetHints":{"allow":["GET"]}}],"collection":[{"href":"https:\/\/masquenoticiastucuman.com.ar\/index.php?rest_route=\/wp\/v2\/posts"}],"about":[{"href":"https:\/\/masquenoticiastucuman.com.ar\/index.php?rest_route=\/wp\/v2\/types\/post"}],"author":[{"embeddable":true,"href":"https:\/\/masquenoticiastucuman.com.ar\/index.php?rest_route=\/wp\/v2\/users\/2"}],"replies":[{"embeddable":true,"href":"https:\/\/masquenoticiastucuman.com.ar\/index.php?rest_route=%2Fwp%2Fv2%2Fcomments&post=71359"}],"version-history":[{"count":1,"href":"https:\/\/masquenoticiastucuman.com.ar\/index.php?rest_route=\/wp\/v2\/posts\/71359\/revisions"}],"predecessor-version":[{"id":71370,"href":"https:\/\/masquenoticiastucuman.com.ar\/index.php?rest_route=\/wp\/v2\/posts\/71359\/revisions\/71370"}],"wp:featuredmedia":[{"embeddable":true,"href":"https:\/\/masquenoticiastucuman.com.ar\/index.php?rest_route=\/wp\/v2\/media\/71369"}],"wp:attachment":[{"href":"https:\/\/masquenoticiastucuman.com.ar\/index.php?rest_route=%2Fwp%2Fv2%2Fmedia&parent=71359"}],"wp:term":[{"taxonomy":"category","embeddable":true,"href":"https:\/\/masquenoticiastucuman.com.ar\/index.php?rest_route=%2Fwp%2Fv2%2Fcategories&post=71359"},{"taxonomy":"post_tag","embeddable":true,"href":"https:\/\/masquenoticiastucuman.com.ar\/index.php?rest_route=%2Fwp%2Fv2%2Ftags&post=71359"}],"curies":[{"name":"wp","href":"https:\/\/api.w.org\/{rel}","templated":true}]}}