{"id":71363,"date":"2026-09-03T09:26:49","date_gmt":"2026-09-03T12:26:49","guid":{"rendered":"http:\/\/masquenoticiastucuman.com.ar\/?p=71363"},"modified":"2026-09-03T09:26:49","modified_gmt":"2026-09-03T12:26:49","slug":"advierten-que-el-nino-durara-hasta-febrero-la-argentina-que-pide-calma-pero-exige-prevencion","status":"publish","type":"post","link":"https:\/\/masquenoticiastucuman.com.ar\/?p=71363","title":{"rendered":"Advierten que El Ni\u00f1o durar\u00e1 hasta febrero: la argentina que pide calma, pero exige prevenci\u00f3n"},"content":{"rendered":"<ul>\n<li>Seg\u00fan la Organizaci\u00f3n Meteorol\u00f3gica Mundial, el fen\u00f3meno alcanzar\u00e1 su punto m\u00e1ximo hacia finales de este a\u00f1o, aunque sus repercusiones en el clima continuar\u00e1n hasta bien entrado el 2027.<\/li>\n<li>&#8220;No hay tiempo que perder&#8221;, advierten desde de la OMM.<\/li>\n<\/ul>\n<p>\u200bSeg\u00fan la Organizaci\u00f3n Meteorol\u00f3gica Mundial, el fen\u00f3meno alcanzar\u00e1 su punto m\u00e1ximo hacia finales de este a\u00f1o, aunque sus repercusiones en el clima continuar\u00e1n hasta bien entrado el 2027.&#8221;No hay tiempo que perder&#8221;, advierten desde de la OMM.\u00a0<a href=\"https:\/\/www.clarin.com\/mundo\/advierten-nino-durara-febrero-argentina-pide-calma-exige-prevencion_0_EKwVYigwQh.html\" target=\"_blank\" class=\"feedzy-rss-link-icon\">Read More<\/a><\/p>","protected":false},"excerpt":{"rendered":"<p>Seg\u00fan la Organizaci\u00f3n Meteorol\u00f3gica Mundial, el fen\u00f3meno alcanzar\u00e1 su punto m\u00e1ximo hacia finales de este&#8230;<\/p>\n","protected":false},"author":1,"featured_media":71364,"comment_status":"open","ping_status":"open","sticky":false,"template":"","format":"standard","meta":{"footnotes":"","_members_access_role":[],"_members_access_error":""},"categories":[4],"tags":[],"class_list":["post-71363","post","type-post","status-publish","format-standard","has-post-thumbnail","hentry","category-internacionales"],"_links":{"self":[{"href":"https:\/\/masquenoticiastucuman.com.ar\/index.php?rest_route=\/wp\/v2\/posts\/71363","targetHints":{"allow":["GET"]}}],"collection":[{"href":"https:\/\/masquenoticiastucuman.com.ar\/index.php?rest_route=\/wp\/v2\/posts"}],"about":[{"href":"https:\/\/masquenoticiastucuman.com.ar\/index.php?rest_route=\/wp\/v2\/types\/post"}],"author":[{"embeddable":true,"href":"https:\/\/masquenoticiastucuman.com.ar\/index.php?rest_route=\/wp\/v2\/users\/1"}],"replies":[{"embeddable":true,"href":"https:\/\/masquenoticiastucuman.com.ar\/index.php?rest_route=%2Fwp%2Fv2%2Fcomments&post=71363"}],"version-history":[{"count":0,"href":"https:\/\/masquenoticiastucuman.com.ar\/index.php?rest_route=\/wp\/v2\/posts\/71363\/revisions"}],"wp:featuredmedia":[{"embeddable":true,"href":"https:\/\/masquenoticiastucuman.com.ar\/index.php?rest_route=\/wp\/v2\/media\/71364"}],"wp:attachment":[{"href":"https:\/\/masquenoticiastucuman.com.ar\/index.php?rest_route=%2Fwp%2Fv2%2Fmedia&parent=71363"}],"wp:term":[{"taxonomy":"category","embeddable":true,"href":"https:\/\/masquenoticiastucuman.com.ar\/index.php?rest_route=%2Fwp%2Fv2%2Fcategories&post=71363"},{"taxonomy":"post_tag","embeddable":true,"href":"https:\/\/masquenoticiastucuman.com.ar\/index.php?rest_route=%2Fwp%2Fv2%2Ftags&post=71363"}],"curies":[{"name":"wp","href":"https:\/\/api.w.org\/{rel}","templated":true}]}}