{"id":71365,"date":"2026-09-03T09:09:26","date_gmt":"2026-09-03T12:09:26","guid":{"rendered":"http:\/\/masquenoticiastucuman.com.ar\/?p=71365"},"modified":"2026-09-03T09:09:26","modified_gmt":"2026-09-03T12:09:26","slug":"el-deshielo-de-un-glaciar-en-nepal-era-una-bomba-de-tiempo-y-aun-quedan-mas-por-venir","status":"publish","type":"post","link":"https:\/\/masquenoticiastucuman.com.ar\/?p=71365","title":{"rendered":"El deshielo de un glaciar en Nepal era una bomba de tiempo. Y a\u00fan quedan m\u00e1s por venir"},"content":{"rendered":"<ul>\n<li>Un ge\u00f3logo reflexiona sobre la cat\u00e1strofe y explica por qu\u00e9 el r\u00e1pido calentamiento har\u00e1 que las mort\u00edferas inundaciones glaciares sean mucho m\u00e1s frecuentes.<\/li>\n<\/ul>\n<p>\u200bUn ge\u00f3logo reflexiona sobre la cat\u00e1strofe y explica por qu\u00e9 el r\u00e1pido calentamiento har\u00e1 que las mort\u00edferas inundaciones glaciares sean mucho m\u00e1s frecuentes.\u00a0<a href=\"https:\/\/www.clarin.com\/new-york-times-international-weekly\/deshielo-glaciar-nepal-bomba-tiempo-quedan-venir_0_4NVxtlZDsy.html\" target=\"_blank\" class=\"feedzy-rss-link-icon\">Read More<\/a><\/p>","protected":false},"excerpt":{"rendered":"<p>Un ge\u00f3logo reflexiona sobre la cat\u00e1strofe y explica por qu\u00e9 el r\u00e1pido calentamiento har\u00e1 que&#8230;<\/p>\n","protected":false},"author":1,"featured_media":71366,"comment_status":"open","ping_status":"open","sticky":false,"template":"","format":"standard","meta":{"footnotes":"","_members_access_role":[],"_members_access_error":""},"categories":[4],"tags":[],"class_list":["post-71365","post","type-post","status-publish","format-standard","has-post-thumbnail","hentry","category-internacionales"],"_links":{"self":[{"href":"https:\/\/masquenoticiastucuman.com.ar\/index.php?rest_route=\/wp\/v2\/posts\/71365","targetHints":{"allow":["GET"]}}],"collection":[{"href":"https:\/\/masquenoticiastucuman.com.ar\/index.php?rest_route=\/wp\/v2\/posts"}],"about":[{"href":"https:\/\/masquenoticiastucuman.com.ar\/index.php?rest_route=\/wp\/v2\/types\/post"}],"author":[{"embeddable":true,"href":"https:\/\/masquenoticiastucuman.com.ar\/index.php?rest_route=\/wp\/v2\/users\/1"}],"replies":[{"embeddable":true,"href":"https:\/\/masquenoticiastucuman.com.ar\/index.php?rest_route=%2Fwp%2Fv2%2Fcomments&post=71365"}],"version-history":[{"count":0,"href":"https:\/\/masquenoticiastucuman.com.ar\/index.php?rest_route=\/wp\/v2\/posts\/71365\/revisions"}],"wp:featuredmedia":[{"embeddable":true,"href":"https:\/\/masquenoticiastucuman.com.ar\/index.php?rest_route=\/wp\/v2\/media\/71366"}],"wp:attachment":[{"href":"https:\/\/masquenoticiastucuman.com.ar\/index.php?rest_route=%2Fwp%2Fv2%2Fmedia&parent=71365"}],"wp:term":[{"taxonomy":"category","embeddable":true,"href":"https:\/\/masquenoticiastucuman.com.ar\/index.php?rest_route=%2Fwp%2Fv2%2Fcategories&post=71365"},{"taxonomy":"post_tag","embeddable":true,"href":"https:\/\/masquenoticiastucuman.com.ar\/index.php?rest_route=%2Fwp%2Fv2%2Ftags&post=71365"}],"curies":[{"name":"wp","href":"https:\/\/api.w.org\/{rel}","templated":true}]}}