{"id":71367,"date":"2026-09-03T09:23:28","date_gmt":"2026-09-03T12:23:28","guid":{"rendered":"http:\/\/masquenoticiastucuman.com.ar\/?p=71367"},"modified":"2026-09-03T09:23:28","modified_gmt":"2026-09-03T12:23:28","slug":"asi-quedaron-los-cuartos-de-final-de-la-copa-argentina-cuando-y-donde-se-jugaria-boca-vs-racing","status":"publish","type":"post","link":"https:\/\/masquenoticiastucuman.com.ar\/?p=71367","title":{"rendered":"As\u00ed quedaron los cuartos de final de la Copa Argentina: cu\u00e1ndo y d\u00f3nde se jugar\u00eda Boca vs Racing"},"content":{"rendered":"<ul>\n<li>El Xeneize elimin\u00f3 al Fort\u00edn y ahora enfrentar\u00e1 a la Academia en cuartos de final.<\/li>\n<li>C\u00f3mo est\u00e1 la llave y el resto de los cruces.<\/li>\n<\/ul>\n<p>\u200bEl Xeneize elimin\u00f3 al Fort\u00edn y ahora enfrentar\u00e1 a la Academia en cuartos de final.C\u00f3mo est\u00e1 la llave y el resto de los cruces.\u00a0<a href=\"https:\/\/www.clarin.com\/deportes\/quedaron-cuartos-final-copa-argentina-jugaria-boca-vs-racing_0_9Xpyqyeawj.html\" target=\"_blank\" class=\"feedzy-rss-link-icon\">Read More<\/a><\/p>","protected":false},"excerpt":{"rendered":"<p>El Xeneize elimin\u00f3 al Fort\u00edn y ahora enfrentar\u00e1 a la Academia en cuartos de final&#8230;.<\/p>\n","protected":false},"author":1,"featured_media":0,"comment_status":"open","ping_status":"open","sticky":false,"template":"","format":"standard","meta":{"footnotes":"","_members_access_role":[],"_members_access_error":""},"categories":[6],"tags":[],"class_list":["post-71367","post","type-post","status-publish","format-standard","has-post-thumbnail","hentry","category-deportes"],"_links":{"self":[{"href":"https:\/\/masquenoticiastucuman.com.ar\/index.php?rest_route=\/wp\/v2\/posts\/71367","targetHints":{"allow":["GET"]}}],"collection":[{"href":"https:\/\/masquenoticiastucuman.com.ar\/index.php?rest_route=\/wp\/v2\/posts"}],"about":[{"href":"https:\/\/masquenoticiastucuman.com.ar\/index.php?rest_route=\/wp\/v2\/types\/post"}],"author":[{"embeddable":true,"href":"https:\/\/masquenoticiastucuman.com.ar\/index.php?rest_route=\/wp\/v2\/users\/1"}],"replies":[{"embeddable":true,"href":"https:\/\/masquenoticiastucuman.com.ar\/index.php?rest_route=%2Fwp%2Fv2%2Fcomments&post=71367"}],"version-history":[{"count":0,"href":"https:\/\/masquenoticiastucuman.com.ar\/index.php?rest_route=\/wp\/v2\/posts\/71367\/revisions"}],"wp:attachment":[{"href":"https:\/\/masquenoticiastucuman.com.ar\/index.php?rest_route=%2Fwp%2Fv2%2Fmedia&parent=71367"}],"wp:term":[{"taxonomy":"category","embeddable":true,"href":"https:\/\/masquenoticiastucuman.com.ar\/index.php?rest_route=%2Fwp%2Fv2%2Fcategories&post=71367"},{"taxonomy":"post_tag","embeddable":true,"href":"https:\/\/masquenoticiastucuman.com.ar\/index.php?rest_route=%2Fwp%2Fv2%2Ftags&post=71367"}],"curies":[{"name":"wp","href":"https:\/\/api.w.org\/{rel}","templated":true}]}}