{"id":71372,"date":"2026-09-03T09:58:02","date_gmt":"2026-09-03T12:58:02","guid":{"rendered":"http:\/\/masquenoticiastucuman.com.ar\/?p=71372"},"modified":"2026-09-03T09:58:02","modified_gmt":"2026-09-03T12:58:02","slug":"tras-las-duras-criticas-a-milei-la-uia-le-pide-un-rigi-industrial-y-un-pacto-fiscal-esta-transicion-es-muy-dura","status":"publish","type":"post","link":"https:\/\/masquenoticiastucuman.com.ar\/?p=71372","title":{"rendered":"Tras las duras cr\u00edticas a Milei, la UIA le pide un RIGI industrial y un pacto fiscal: &#8220;Esta transici\u00f3n es muy dura&#8221;"},"content":{"rendered":"<ul>\n<li>El presidente de la Uni\u00f3n Industrial Argentina, Mart\u00edn Rappallini, insisti\u00f3 este jueves en que el sector est\u00e1 &#8220;en inferioridad de condiciones&#8221;.<\/li>\n<li>&#8220;Pedimos una reducci\u00f3n de impuestos y que la mayor cantidad de empresas pueda enfrentar estos niveles de competitividad&#8221;, afirm\u00f3 el empresario.<\/li>\n<\/ul>\n<p>\u200bEl presidente de la Uni\u00f3n Industrial Argentina, Mart\u00edn Rappallini, insisti\u00f3 este jueves en que el sector est\u00e1 &#8220;en inferioridad de condiciones&#8221;.&#8221;Pedimos una reducci\u00f3n de impuestos y que la mayor cantidad de empresas pueda enfrentar estos niveles de competitividad&#8221;, afirm\u00f3 el empresario.\u00a0<a href=\"https:\/\/www.clarin.com\/economia\/duras-criticas-milei-uia-pide-rigi-industrial-pacto-fiscal-transicion-dura_0_cN1uYrwJiB.html\" target=\"_blank\" class=\"feedzy-rss-link-icon\">Read More<\/a><\/p>","protected":false},"excerpt":{"rendered":"<p>El presidente de la Uni\u00f3n Industrial Argentina, Mart\u00edn Rappallini, insisti\u00f3 este jueves en que el&#8230;<\/p>\n","protected":false},"author":1,"featured_media":0,"comment_status":"open","ping_status":"open","sticky":false,"template":"","format":"standard","meta":{"footnotes":"","_members_access_role":[],"_members_access_error":""},"categories":[3],"tags":[],"class_list":["post-71372","post","type-post","status-publish","format-standard","has-post-thumbnail","hentry","category-nacionales"],"_links":{"self":[{"href":"https:\/\/masquenoticiastucuman.com.ar\/index.php?rest_route=\/wp\/v2\/posts\/71372","targetHints":{"allow":["GET"]}}],"collection":[{"href":"https:\/\/masquenoticiastucuman.com.ar\/index.php?rest_route=\/wp\/v2\/posts"}],"about":[{"href":"https:\/\/masquenoticiastucuman.com.ar\/index.php?rest_route=\/wp\/v2\/types\/post"}],"author":[{"embeddable":true,"href":"https:\/\/masquenoticiastucuman.com.ar\/index.php?rest_route=\/wp\/v2\/users\/1"}],"replies":[{"embeddable":true,"href":"https:\/\/masquenoticiastucuman.com.ar\/index.php?rest_route=%2Fwp%2Fv2%2Fcomments&post=71372"}],"version-history":[{"count":0,"href":"https:\/\/masquenoticiastucuman.com.ar\/index.php?rest_route=\/wp\/v2\/posts\/71372\/revisions"}],"wp:attachment":[{"href":"https:\/\/masquenoticiastucuman.com.ar\/index.php?rest_route=%2Fwp%2Fv2%2Fmedia&parent=71372"}],"wp:term":[{"taxonomy":"category","embeddable":true,"href":"https:\/\/masquenoticiastucuman.com.ar\/index.php?rest_route=%2Fwp%2Fv2%2Fcategories&post=71372"},{"taxonomy":"post_tag","embeddable":true,"href":"https:\/\/masquenoticiastucuman.com.ar\/index.php?rest_route=%2Fwp%2Fv2%2Ftags&post=71372"}],"curies":[{"name":"wp","href":"https:\/\/api.w.org\/{rel}","templated":true}]}}