{"id":71373,"date":"2026-09-03T12:17:17","date_gmt":"2026-09-03T15:17:17","guid":{"rendered":"https:\/\/masquenoticiastucuman.com.ar\/?p=71373"},"modified":"2026-09-03T12:17:17","modified_gmt":"2026-09-03T15:17:17","slug":"elecciones-unt-sergio-mohamed-y-horacio-madkur-conduciran-la-universidad-nacional-de-tucuman-hasta-2030","status":"publish","type":"post","link":"https:\/\/masquenoticiastucuman.com.ar\/?p=71373","title":{"rendered":"ELECCIONES UNT: Sergio Mohamed y Horacio Madkur conducir\u00e1n la Universidad Nacional de Tucum\u00e1n hasta 2030"},"content":{"rendered":"\n<p class=\"wp-block-paragraph\">Los 160 asamble\u00edstas de los distintos estamentos eligieron a la dupla integrada por Sergio Mohamed y Horacio Madkur para asumir el Rectorado y Vicerrectorado<\/p>\n\n\n\n<p class=\"wp-block-paragraph\">Tras meses de postergaciones y una in\u00e9dita etapa de transici\u00f3n, la Asamblea Universitaria defini\u00f3 la conducci\u00f3n de la casa de altos estudios para los pr\u00f3ximos cuatro a\u00f1os.<\/p>\n\n\n\n<p class=\"wp-block-paragraph\">En una jornada decisiva realizada en el Centro Cultural Virla, los 160 asamble\u00edstas de los distintos estamentos eligieron a la dupla integrada por Sergio Mohamed y Horacio Madkur para asumir el Rectorado y Vicerrectorado.<\/p>\n\n\n\n<figure class=\"wp-block-image size-large\"><img loading=\"lazy\" decoding=\"async\" width=\"1024\" height=\"1024\" src=\"https:\/\/masquenoticiastucuman.com.ar\/wp-content\/uploads\/2026\/09\/791355735_1790393379149411_6889300779237236972_n-1024x1024.jpg\" alt=\"\" class=\"wp-image-71374\" srcset=\"https:\/\/masquenoticiastucuman.com.ar\/wp-content\/uploads\/2026\/09\/791355735_1790393379149411_6889300779237236972_n-1024x1024-1.jpg 1024w, https:\/\/masquenoticiastucuman.com.ar\/wp-content\/uploads\/2026\/09\/791355735_1790393379149411_6889300779237236972_n-150x150.jpg 150w, https:\/\/masquenoticiastucuman.com.ar\/wp-content\/uploads\/2026\/09\/791355735_1790393379149411_6889300779237236972_n-300x300.jpg 300w, https:\/\/masquenoticiastucuman.com.ar\/wp-content\/uploads\/2026\/09\/791355735_1790393379149411_6889300779237236972_n-768x768.jpg 768w, https:\/\/masquenoticiastucuman.com.ar\/wp-content\/uploads\/2026\/09\/791355735_1790393379149411_6889300779237236972_n.jpg 1440w\" sizes=\"auto, (max-width: 1024px) 100vw, 1024px\" \/><\/figure>\n\n\n\n<p class=\"wp-block-paragraph\">El triunfo de la f\u00f3rmula Mohamed-Madkur cierra de manera definitiva el complejo calendario electoral que comenz\u00f3 en mayo con los comicios de las 13 facultades.<\/p>\n\n\n\n<p class=\"wp-block-paragraph\">La judicializaci\u00f3n de la candidatura del exrector Sergio Pagani hab\u00eda frenado la realizaci\u00f3n de la Asamblea prevista originalmente para el 20 de mayo, obligando a reconfigurar los escenarios pol\u00edticos e institucionales de la universidad.<\/p>\n\n\n\n<p class=\"wp-block-paragraph\">Con este resultado concluye de manera formal la gesti\u00f3n interina de Mar\u00eda Cristina Grunauer de Fal\u00fa, quien asumi\u00f3 el mando del Rectorado el 1\u00b0 de junio para garantizar la continuidad institucional.<\/p>\n\n\n\n<p class=\"wp-block-paragraph\">Las nuevas autoridades tomar\u00e1n las riendas de la UNT con el desaf\u00edo de consolidar el proyecto acad\u00e9mico y normalizar el funcionamiento de la gesti\u00f3n universitaria hasta mayo de 2030<\/p>\n","protected":false},"excerpt":{"rendered":"<p>Los 160 asamble\u00edstas de los distintos estamentos eligieron a la dupla integrada por Sergio Mohamed&#8230;<\/p>\n","protected":false},"author":2,"featured_media":71375,"comment_status":"open","ping_status":"open","sticky":false,"template":"","format":"standard","meta":{"footnotes":"","_members_access_role":[],"_members_access_error":""},"categories":[2],"tags":[],"class_list":["post-71373","post","type-post","status-publish","format-standard","has-post-thumbnail","hentry","category-locales"],"_links":{"self":[{"href":"https:\/\/masquenoticiastucuman.com.ar\/index.php?rest_route=\/wp\/v2\/posts\/71373","targetHints":{"allow":["GET"]}}],"collection":[{"href":"https:\/\/masquenoticiastucuman.com.ar\/index.php?rest_route=\/wp\/v2\/posts"}],"about":[{"href":"https:\/\/masquenoticiastucuman.com.ar\/index.php?rest_route=\/wp\/v2\/types\/post"}],"author":[{"embeddable":true,"href":"https:\/\/masquenoticiastucuman.com.ar\/index.php?rest_route=\/wp\/v2\/users\/2"}],"replies":[{"embeddable":true,"href":"https:\/\/masquenoticiastucuman.com.ar\/index.php?rest_route=%2Fwp%2Fv2%2Fcomments&post=71373"}],"version-history":[{"count":1,"href":"https:\/\/masquenoticiastucuman.com.ar\/index.php?rest_route=\/wp\/v2\/posts\/71373\/revisions"}],"predecessor-version":[{"id":71376,"href":"https:\/\/masquenoticiastucuman.com.ar\/index.php?rest_route=\/wp\/v2\/posts\/71373\/revisions\/71376"}],"wp:featuredmedia":[{"embeddable":true,"href":"https:\/\/masquenoticiastucuman.com.ar\/index.php?rest_route=\/wp\/v2\/media\/71375"}],"wp:attachment":[{"href":"https:\/\/masquenoticiastucuman.com.ar\/index.php?rest_route=%2Fwp%2Fv2%2Fmedia&parent=71373"}],"wp:term":[{"taxonomy":"category","embeddable":true,"href":"https:\/\/masquenoticiastucuman.com.ar\/index.php?rest_route=%2Fwp%2Fv2%2Fcategories&post=71373"},{"taxonomy":"post_tag","embeddable":true,"href":"https:\/\/masquenoticiastucuman.com.ar\/index.php?rest_route=%2Fwp%2Fv2%2Ftags&post=71373"}],"curies":[{"name":"wp","href":"https:\/\/api.w.org\/{rel}","templated":true}]}}