{"id":71377,"date":"2026-09-03T11:10:33","date_gmt":"2026-09-03T14:10:33","guid":{"rendered":"http:\/\/masquenoticiastucuman.com.ar\/?p=71377"},"modified":"2026-09-03T11:10:33","modified_gmt":"2026-09-03T14:10:33","slug":"nicolas-maduro-pide-la-nulidad-del-juicio-en-estados-unidos-y-alega-que-goza-de-inmunidad","status":"publish","type":"post","link":"https:\/\/masquenoticiastucuman.com.ar\/?p=71377","title":{"rendered":"Nicol\u00e1s Maduro pide la nulidad del juicio en Estados Unidos y alega que goza de inmunidad"},"content":{"rendered":"<ul>\n<li>Los abogados del destituido presidente de Venezuela presentaron un documento de 60 p\u00e1ginas reclamando que se archive el proceso por narcotr\u00e1fico y narcoterrorismo.<\/li>\n<li>El inicio del juicio al l\u00edder chavista y su esposa Cilia Flores est\u00e1 marcado para junio del a\u00f1o que viene.<\/li>\n<\/ul>\n<p>\u200bLos abogados del destituido presidente de Venezuela presentaron un documento de 60 p\u00e1ginas reclamando que se archive el proceso por narcotr\u00e1fico y narcoterrorismo.El inicio del juicio al l\u00edder chavista y su esposa Cilia Flores est\u00e1 marcado para junio del a\u00f1o que viene.\u00a0<a href=\"https:\/\/www.clarin.com\/mundo\/nicolas-maduro-pide-nulidad-juicio-estados-unidos-alega-goza-inmunidad_0_v37yHDp7HY.html\" target=\"_blank\" class=\"feedzy-rss-link-icon\">Read More<\/a><\/p>","protected":false},"excerpt":{"rendered":"<p>Los abogados del destituido presidente de Venezuela presentaron un documento de 60 p\u00e1ginas reclamando que&#8230;<\/p>\n","protected":false},"author":1,"featured_media":71378,"comment_status":"open","ping_status":"open","sticky":false,"template":"","format":"standard","meta":{"footnotes":"","_members_access_role":[],"_members_access_error":""},"categories":[4],"tags":[],"class_list":["post-71377","post","type-post","status-publish","format-standard","has-post-thumbnail","hentry","category-internacionales"],"_links":{"self":[{"href":"https:\/\/masquenoticiastucuman.com.ar\/index.php?rest_route=\/wp\/v2\/posts\/71377","targetHints":{"allow":["GET"]}}],"collection":[{"href":"https:\/\/masquenoticiastucuman.com.ar\/index.php?rest_route=\/wp\/v2\/posts"}],"about":[{"href":"https:\/\/masquenoticiastucuman.com.ar\/index.php?rest_route=\/wp\/v2\/types\/post"}],"author":[{"embeddable":true,"href":"https:\/\/masquenoticiastucuman.com.ar\/index.php?rest_route=\/wp\/v2\/users\/1"}],"replies":[{"embeddable":true,"href":"https:\/\/masquenoticiastucuman.com.ar\/index.php?rest_route=%2Fwp%2Fv2%2Fcomments&post=71377"}],"version-history":[{"count":0,"href":"https:\/\/masquenoticiastucuman.com.ar\/index.php?rest_route=\/wp\/v2\/posts\/71377\/revisions"}],"wp:featuredmedia":[{"embeddable":true,"href":"https:\/\/masquenoticiastucuman.com.ar\/index.php?rest_route=\/wp\/v2\/media\/71378"}],"wp:attachment":[{"href":"https:\/\/masquenoticiastucuman.com.ar\/index.php?rest_route=%2Fwp%2Fv2%2Fmedia&parent=71377"}],"wp:term":[{"taxonomy":"category","embeddable":true,"href":"https:\/\/masquenoticiastucuman.com.ar\/index.php?rest_route=%2Fwp%2Fv2%2Fcategories&post=71377"},{"taxonomy":"post_tag","embeddable":true,"href":"https:\/\/masquenoticiastucuman.com.ar\/index.php?rest_route=%2Fwp%2Fv2%2Ftags&post=71377"}],"curies":[{"name":"wp","href":"https:\/\/api.w.org\/{rel}","templated":true}]}}