{"id":71379,"date":"2026-09-03T10:25:42","date_gmt":"2026-09-03T13:25:42","guid":{"rendered":"http:\/\/masquenoticiastucuman.com.ar\/?p=71379"},"modified":"2026-09-03T10:25:42","modified_gmt":"2026-09-03T13:25:42","slug":"no-hay-pruebas-pedro-sanchez-reitero-en-el-congreso-que-no-tiene-evidencias-para-acusar-a-marruecos-del-caos-migratorio-en-ceuta","status":"publish","type":"post","link":"https:\/\/masquenoticiastucuman.com.ar\/?p=71379","title":{"rendered":"&#8220;No hay pruebas&#8221;: Pedro S\u00e1nchez reiter\u00f3 en el Congreso que no tiene evidencias para acusar a Marruecos del caos migratorio en Ceuta"},"content":{"rendered":"<ul>\n<li>El presidente del gobierno de Espa\u00f1a se present\u00f3 ante el Congreso para dar explicaciones sobre el tr\u00e1gico cruce de miles de migrantes el 30 y 31 de julio.<\/li>\n<li>El l\u00edder socialista enfrenta la fuerte presi\u00f3n de la oposici\u00f3n, que exige su renuncia tras la crisis migratoria.<\/li>\n<\/ul>\n<p>\u200bEl presidente del gobierno de Espa\u00f1a se present\u00f3 ante el Congreso para dar explicaciones sobre el tr\u00e1gico cruce de miles de migrantes el 30 y 31 de julio.El l\u00edder socialista enfrenta la fuerte presi\u00f3n de la oposici\u00f3n, que exige su renuncia tras la crisis migratoria.\u00a0<a href=\"https:\/\/www.clarin.com\/mundo\/pruebas-pedro-sanchez-reitero-congreso-evidencias-acusar-marruecos-caos-migratorio-ceuta_0_1Cwa01VAEN.html\" target=\"_blank\" class=\"feedzy-rss-link-icon\">Read More<\/a><\/p>","protected":false},"excerpt":{"rendered":"<p>El presidente del gobierno de Espa\u00f1a se present\u00f3 ante el Congreso para dar explicaciones sobre&#8230;<\/p>\n","protected":false},"author":1,"featured_media":71380,"comment_status":"open","ping_status":"open","sticky":false,"template":"","format":"standard","meta":{"footnotes":"","_members_access_role":[],"_members_access_error":""},"categories":[4],"tags":[],"class_list":["post-71379","post","type-post","status-publish","format-standard","has-post-thumbnail","hentry","category-internacionales"],"_links":{"self":[{"href":"https:\/\/masquenoticiastucuman.com.ar\/index.php?rest_route=\/wp\/v2\/posts\/71379","targetHints":{"allow":["GET"]}}],"collection":[{"href":"https:\/\/masquenoticiastucuman.com.ar\/index.php?rest_route=\/wp\/v2\/posts"}],"about":[{"href":"https:\/\/masquenoticiastucuman.com.ar\/index.php?rest_route=\/wp\/v2\/types\/post"}],"author":[{"embeddable":true,"href":"https:\/\/masquenoticiastucuman.com.ar\/index.php?rest_route=\/wp\/v2\/users\/1"}],"replies":[{"embeddable":true,"href":"https:\/\/masquenoticiastucuman.com.ar\/index.php?rest_route=%2Fwp%2Fv2%2Fcomments&post=71379"}],"version-history":[{"count":0,"href":"https:\/\/masquenoticiastucuman.com.ar\/index.php?rest_route=\/wp\/v2\/posts\/71379\/revisions"}],"wp:featuredmedia":[{"embeddable":true,"href":"https:\/\/masquenoticiastucuman.com.ar\/index.php?rest_route=\/wp\/v2\/media\/71380"}],"wp:attachment":[{"href":"https:\/\/masquenoticiastucuman.com.ar\/index.php?rest_route=%2Fwp%2Fv2%2Fmedia&parent=71379"}],"wp:term":[{"taxonomy":"category","embeddable":true,"href":"https:\/\/masquenoticiastucuman.com.ar\/index.php?rest_route=%2Fwp%2Fv2%2Fcategories&post=71379"},{"taxonomy":"post_tag","embeddable":true,"href":"https:\/\/masquenoticiastucuman.com.ar\/index.php?rest_route=%2Fwp%2Fv2%2Ftags&post=71379"}],"curies":[{"name":"wp","href":"https:\/\/api.w.org\/{rel}","templated":true}]}}