{"id":71381,"date":"2026-09-03T11:26:24","date_gmt":"2026-09-03T14:26:24","guid":{"rendered":"http:\/\/masquenoticiastucuman.com.ar\/?p=71381"},"modified":"2026-09-03T11:26:24","modified_gmt":"2026-09-03T14:26:24","slug":"revelaron-la-causa-de-muerte-de-tim-curry-el-inolvidable-pennywise-de-it-y-protagonista-de-the-rocky-horror-show","status":"publish","type":"post","link":"https:\/\/masquenoticiastucuman.com.ar\/?p=71381","title":{"rendered":"Revelaron la causa de muerte de Tim Curry, el inolvidable Pennywise de It y protagonista de The Rocky Horror Show"},"content":{"rendered":"<ul>\n<li>El actor brit\u00e1nico muri\u00f3 el 25 de agosto a los 80 a\u00f1os en su casa de Los \u00c1ngeles.<\/li>\n<li>El certificado de defunci\u00f3n tambi\u00e9n da cuenta de enfermedades que hab\u00eda sufrido a\u00f1os atr\u00e1s y que contribuyeron a su fallecimiento.<\/li>\n<\/ul>\n<p>\u200bEl actor brit\u00e1nico muri\u00f3 el 25 de agosto a los 80 a\u00f1os en su casa de Los \u00c1ngeles.El certificado de defunci\u00f3n tambi\u00e9n da cuenta de enfermedades que hab\u00eda sufrido a\u00f1os atr\u00e1s y que contribuyeron a su fallecimiento.\u00a0<a href=\"https:\/\/www.clarin.com\/espectaculos\/revelaron-causa-muerte-tim-curry-inolvidable-pennywise-it-protagonista-the-rocky-horror-show_0_JMaBTXue7A.html\" target=\"_blank\" class=\"feedzy-rss-link-icon\">Read More<\/a><\/p>","protected":false},"excerpt":{"rendered":"<p>El actor brit\u00e1nico muri\u00f3 el 25 de agosto a los 80 a\u00f1os en su casa&#8230;<\/p>\n","protected":false},"author":1,"featured_media":0,"comment_status":"open","ping_status":"open","sticky":false,"template":"","format":"standard","meta":{"footnotes":"","_members_access_role":[],"_members_access_error":""},"categories":[5],"tags":[],"class_list":["post-71381","post","type-post","status-publish","format-standard","has-post-thumbnail","hentry","category-espectaculo"],"_links":{"self":[{"href":"https:\/\/masquenoticiastucuman.com.ar\/index.php?rest_route=\/wp\/v2\/posts\/71381","targetHints":{"allow":["GET"]}}],"collection":[{"href":"https:\/\/masquenoticiastucuman.com.ar\/index.php?rest_route=\/wp\/v2\/posts"}],"about":[{"href":"https:\/\/masquenoticiastucuman.com.ar\/index.php?rest_route=\/wp\/v2\/types\/post"}],"author":[{"embeddable":true,"href":"https:\/\/masquenoticiastucuman.com.ar\/index.php?rest_route=\/wp\/v2\/users\/1"}],"replies":[{"embeddable":true,"href":"https:\/\/masquenoticiastucuman.com.ar\/index.php?rest_route=%2Fwp%2Fv2%2Fcomments&post=71381"}],"version-history":[{"count":0,"href":"https:\/\/masquenoticiastucuman.com.ar\/index.php?rest_route=\/wp\/v2\/posts\/71381\/revisions"}],"wp:attachment":[{"href":"https:\/\/masquenoticiastucuman.com.ar\/index.php?rest_route=%2Fwp%2Fv2%2Fmedia&parent=71381"}],"wp:term":[{"taxonomy":"category","embeddable":true,"href":"https:\/\/masquenoticiastucuman.com.ar\/index.php?rest_route=%2Fwp%2Fv2%2Fcategories&post=71381"},{"taxonomy":"post_tag","embeddable":true,"href":"https:\/\/masquenoticiastucuman.com.ar\/index.php?rest_route=%2Fwp%2Fv2%2Ftags&post=71381"}],"curies":[{"name":"wp","href":"https:\/\/api.w.org\/{rel}","templated":true}]}}