{"id":71382,"date":"2026-09-03T11:11:52","date_gmt":"2026-09-03T14:11:52","guid":{"rendered":"http:\/\/masquenoticiastucuman.com.ar\/?p=71382"},"modified":"2026-09-03T11:11:52","modified_gmt":"2026-09-03T14:11:52","slug":"us-open-dia-5-en-vivo-fran-cerundolo-vs-struff-y-trungelliti-ante-blockx-la-legion-quiere-sumar-mas-argentinos-en-3ra-ronda","status":"publish","type":"post","link":"https:\/\/masquenoticiastucuman.com.ar\/?p=71382","title":{"rendered":"US Open, d\u00eda 5, EN VIVO: Fran Cer\u00fandolo vs Struff y Trungelliti ante Blockx, la legi\u00f3n quiere sumar m\u00e1s argentinos en 3ra ronda"},"content":{"rendered":"<ul>\n<li>Sigue la actividad en el Abierto de Estados Unidos, donde tambi\u00e9n juega Nadia Podoroska.<\/li>\n<li>Mariano Navone y Tom\u00e1s Etcheverry ya avanzaron y se cruzan este viernes.<\/li>\n<li>Toda la actividad en Flushing Meadows: en el \u00faltimo turno salta a la pista Alexander Zverev.<\/li>\n<\/ul>\n<p>\u200bSigue la actividad en el Abierto de Estados Unidos, donde tambi\u00e9n juega Nadia Podoroska.Mariano Navone y Tom\u00e1s Etcheverry ya avanzaron y se cruzan este viernes.Toda la actividad en Flushing Meadows: en el \u00faltimo turno salta a la pista Alexander Zverev.\u00a0<a href=\"https:\/\/www.clarin.com\/deportes\/us-open-dia-5-vivo-fran-cerundolo-vs-struff-trungelliti-blockx-legion-quiere-sumar-argentinos-3ra-ronda_0_BnvhqB4Jwv.html\" target=\"_blank\" class=\"feedzy-rss-link-icon\">Read More<\/a><\/p>","protected":false},"excerpt":{"rendered":"<p>Sigue la actividad en el Abierto de Estados Unidos, donde tambi\u00e9n juega Nadia Podoroska. Mariano&#8230;<\/p>\n","protected":false},"author":1,"featured_media":0,"comment_status":"open","ping_status":"open","sticky":false,"template":"","format":"standard","meta":{"footnotes":"","_members_access_role":[],"_members_access_error":""},"categories":[6],"tags":[],"class_list":["post-71382","post","type-post","status-publish","format-standard","has-post-thumbnail","hentry","category-deportes"],"_links":{"self":[{"href":"https:\/\/masquenoticiastucuman.com.ar\/index.php?rest_route=\/wp\/v2\/posts\/71382","targetHints":{"allow":["GET"]}}],"collection":[{"href":"https:\/\/masquenoticiastucuman.com.ar\/index.php?rest_route=\/wp\/v2\/posts"}],"about":[{"href":"https:\/\/masquenoticiastucuman.com.ar\/index.php?rest_route=\/wp\/v2\/types\/post"}],"author":[{"embeddable":true,"href":"https:\/\/masquenoticiastucuman.com.ar\/index.php?rest_route=\/wp\/v2\/users\/1"}],"replies":[{"embeddable":true,"href":"https:\/\/masquenoticiastucuman.com.ar\/index.php?rest_route=%2Fwp%2Fv2%2Fcomments&post=71382"}],"version-history":[{"count":0,"href":"https:\/\/masquenoticiastucuman.com.ar\/index.php?rest_route=\/wp\/v2\/posts\/71382\/revisions"}],"wp:attachment":[{"href":"https:\/\/masquenoticiastucuman.com.ar\/index.php?rest_route=%2Fwp%2Fv2%2Fmedia&parent=71382"}],"wp:term":[{"taxonomy":"category","embeddable":true,"href":"https:\/\/masquenoticiastucuman.com.ar\/index.php?rest_route=%2Fwp%2Fv2%2Fcategories&post=71382"},{"taxonomy":"post_tag","embeddable":true,"href":"https:\/\/masquenoticiastucuman.com.ar\/index.php?rest_route=%2Fwp%2Fv2%2Ftags&post=71382"}],"curies":[{"name":"wp","href":"https:\/\/api.w.org\/{rel}","templated":true}]}}