{"id":71383,"date":"2026-09-03T10:34:18","date_gmt":"2026-09-03T13:34:18","guid":{"rendered":"http:\/\/masquenoticiastucuman.com.ar\/?p=71383"},"modified":"2026-09-03T10:34:18","modified_gmt":"2026-09-03T13:34:18","slug":"si-me-permite-con-la-48-mi-hijo-la-emocion-de-hernan-feler-al-relatar-por-primera-vez-un-partido-de-luca-en-velez-frente-a-boca","status":"publish","type":"post","link":"https:\/\/masquenoticiastucuman.com.ar\/?p=71383","title":{"rendered":"&#8220;Si me permite, con la 48, \u00a1mi hijo!&#8221;: la emoci\u00f3n de Hern\u00e1n Feler al relatar por primera vez un partido de Luca en V\u00e9lez frente a Boca"},"content":{"rendered":"<ul>\n<li>El periodista de TyC Sports se dio el gusto de relatar un partido con su hijo en cancha.<\/li>\n<li>Su alegr\u00eda, a pesar de la derrota del Fort\u00edn: &#8220;Hoy cumpl\u00ed un sue\u00f1o&#8221;, dijo despu\u00e9s en redes.<\/li>\n<\/ul>\n<p>\u200bEl periodista de TyC Sports se dio el gusto de relatar un partido con su hijo en cancha.Su alegr\u00eda, a pesar de la derrota del Fort\u00edn: &#8220;Hoy cumpl\u00ed un sue\u00f1o&#8221;, dijo despu\u00e9s en redes.\u00a0<a href=\"https:\/\/www.clarin.com\/deportes\/permite-48-hijo-emocion-hernan-feler-relatar-primera-vez-partido-luca-velez-frente-boca_0_tQeWWcRkw3.html\" target=\"_blank\" class=\"feedzy-rss-link-icon\">Read More<\/a><\/p>","protected":false},"excerpt":{"rendered":"<p>El periodista de TyC Sports se dio el gusto de relatar un partido con su&#8230;<\/p>\n","protected":false},"author":1,"featured_media":0,"comment_status":"open","ping_status":"open","sticky":false,"template":"","format":"standard","meta":{"footnotes":"","_members_access_role":[],"_members_access_error":""},"categories":[6],"tags":[],"class_list":["post-71383","post","type-post","status-publish","format-standard","has-post-thumbnail","hentry","category-deportes"],"_links":{"self":[{"href":"https:\/\/masquenoticiastucuman.com.ar\/index.php?rest_route=\/wp\/v2\/posts\/71383","targetHints":{"allow":["GET"]}}],"collection":[{"href":"https:\/\/masquenoticiastucuman.com.ar\/index.php?rest_route=\/wp\/v2\/posts"}],"about":[{"href":"https:\/\/masquenoticiastucuman.com.ar\/index.php?rest_route=\/wp\/v2\/types\/post"}],"author":[{"embeddable":true,"href":"https:\/\/masquenoticiastucuman.com.ar\/index.php?rest_route=\/wp\/v2\/users\/1"}],"replies":[{"embeddable":true,"href":"https:\/\/masquenoticiastucuman.com.ar\/index.php?rest_route=%2Fwp%2Fv2%2Fcomments&post=71383"}],"version-history":[{"count":0,"href":"https:\/\/masquenoticiastucuman.com.ar\/index.php?rest_route=\/wp\/v2\/posts\/71383\/revisions"}],"wp:attachment":[{"href":"https:\/\/masquenoticiastucuman.com.ar\/index.php?rest_route=%2Fwp%2Fv2%2Fmedia&parent=71383"}],"wp:term":[{"taxonomy":"category","embeddable":true,"href":"https:\/\/masquenoticiastucuman.com.ar\/index.php?rest_route=%2Fwp%2Fv2%2Fcategories&post=71383"},{"taxonomy":"post_tag","embeddable":true,"href":"https:\/\/masquenoticiastucuman.com.ar\/index.php?rest_route=%2Fwp%2Fv2%2Ftags&post=71383"}],"curies":[{"name":"wp","href":"https:\/\/api.w.org\/{rel}","templated":true}]}}