{"id":71384,"date":"2026-09-03T12:44:01","date_gmt":"2026-09-03T15:44:01","guid":{"rendered":"https:\/\/masquenoticiastucuman.com.ar\/?p=71384"},"modified":"2026-09-03T12:44:01","modified_gmt":"2026-09-03T15:44:01","slug":"cebil-redondo-tendra-una-policlinica-con-guardia-las-24-horas-y-servicios-de-alta-complejidad","status":"publish","type":"post","link":"https:\/\/masquenoticiastucuman.com.ar\/?p=71384","title":{"rendered":"Cebil Redondo tendr\u00e1 una Policl\u00ednica con guardia las 24 horas y servicios de alta complejidad"},"content":{"rendered":"\n<p class=\"wp-block-paragraph\">Los ministerios de Interior y Salud P\u00fablica y la Comuna de Cebil Redondo firmaron un convenio para la construcci\u00f3n de una nueva Policl\u00ednica que ampliar\u00e1 la capacidad de atenci\u00f3n sanitaria para una poblaci\u00f3n de m\u00e1s de 30.000 habitantes. La obra tendr\u00e1 un plazo estimado de seis meses y contar\u00e1 con una inversi\u00f3n comunal de $200 millones.<\/p>\n\n\n\n<p class=\"wp-block-paragraph\">La iniciativa se concret\u00f3 a partir de un trabajo articulado entre el Gobierno de Tucum\u00e1n y la Comuna de Cebil Redondo, con el objetivo de fortalecer la respuesta sanitaria en una zona de crecimiento poblacional y cercana a una ruta de alto tr\u00e1nsito.<\/p>\n\n\n\n<p class=\"wp-block-paragraph\">Encabezaron el acto los ministros&nbsp;<strong>Dar\u00edo Monteros<\/strong>&nbsp;(Interior),&nbsp;<strong>Luis Medina Ruiz<\/strong>&nbsp;(Salud P\u00fablica) y el comisionado comunal&nbsp;<strong>Gast\u00f3n Garc\u00eda Biagosch<\/strong>.<\/p>\n\n\n\n<p class=\"wp-block-paragraph\">La nueva Policl\u00ednica funcionar\u00e1 en un inmueble que la comuna ceder\u00e1 al Sistema Provincial de Salud (Siprosa) por un plazo de 20 a\u00f1os, bajo la modalidad de comodato. El establecimiento contar\u00e1 con una guardia las 24 horas y distintas prestaciones m\u00e9dicas.<\/p>\n\n\n\n<p class=\"wp-block-paragraph\">Al explicar el alcance sanitario del proyecto, el ministro de Salud P\u00fablica destac\u00f3 que la obra surgi\u00f3 de un trabajo conjunto y permitir\u00e1 ampliar la capacidad de respuesta en la zona.<\/p>\n\n\n\n<p class=\"wp-block-paragraph\">\u201cEste es un gran trabajo en equipo, como lo pide siempre nuestro gobernador,&nbsp;<strong>Osvaldo Jaldo<\/strong>. Vimos una poblaci\u00f3n necesitada de aumento de complejidad y de capacidad de respuesta en una ruta muy transitada, con una comunidad y un comisionado comunal interesada en la salud de su pueblo. En muy poco tiempo, vamos a tener una policl\u00ednica con alta respuesta, sobre todo en una guardia de importancia, que pueda resolver siniestros viales, una urgencia cardiol\u00f3gica, un paciente con un accidente cerebrovascular y todas las atenciones que requiere una persona, desde control de embarazo, control ecogr\u00e1fico, radiograf\u00eda, etc.\u00bb<\/p>\n\n\n\n<p class=\"wp-block-paragraph\">En esa l\u00ednea, el titular de la cartera sanitaria remarc\u00f3: \u00abSe trata del control de enfermedades cr\u00f3nicas y tambi\u00e9n vamos a proveer la medicaci\u00f3n. Desde salud siempre destacamos lo que pasa en la provincia de Tucum\u00e1n: el trabajo en equipo, de todos los ministerios y esas son las instrucciones de nuestro gobernador\u201d.<\/p>\n\n\n\n<p class=\"wp-block-paragraph\">El ministro de Interior, Dar\u00edo Monteros, explic\u00f3 que la decisi\u00f3n respondi\u00f3 a las necesidades de una comunidad que registr\u00f3 un crecimiento sostenido y que se encuentra sobre un corredor vial estrat\u00e9gico.<\/p>\n\n\n\n<p class=\"wp-block-paragraph\">\u201cHoy se cristaliza un sue\u00f1o que ten\u00eda este gran comisionado de Cebil Redondo, comuna que visitamos hace 60 d\u00edas con el Gobernador. Esta comunidad que hoy cuenta con m\u00e1s de 30.000 habitantes, una ruta importante, que es la 315, que une el municipio de Taf\u00ed Viejo, que pasa por estas jurisdicciones, que va hacia Yerba Buena. Una jurisdicci\u00f3n donde hoy se est\u00e1n construyendo barrios privados. As\u00ed que los vecinos necesitaban tener un centro asistencial, una policl\u00ednica, que es lo que hemos firmado, que tenga todas las atenciones necesarias\u201d.<\/p>\n\n\n\n<p class=\"wp-block-paragraph\">Monteros detall\u00f3 que el acuerdo permitir\u00e1 poner en marcha un establecimiento con prestaciones esenciales para la comunidad y una guardia permanente.<\/p>\n\n\n\n<p class=\"wp-block-paragraph\"><strong>\u201cLa comuna le cede al Siprosa, por 20 a\u00f1os, en comodato, donde se va a crear la nueva policl\u00ednica, Cebil Redondo. Una policl\u00ednica que va a tener todos los servicios esenciales, desde una guardia las 24 horas. La comuna va a aportar $200 millones de pesos, donde el resto de lo que significa la obra lo va a aportar el Ministerio de Salud a trav\u00e9s de Siprosa, y, por supuesto, el Ministerio de Salud va a aportar todo lo que significa el equipamiento y lo que es recurso humano\u201d.<\/strong><\/p>\n\n\n\n<p class=\"wp-block-paragraph\">Por su parte, el comisionado comunal de Cebil Redondo, Gast\u00f3n Garc\u00eda Biagosch, valor\u00f3 la firma del convenio como un paso decisivo para concretar una obra que permitir\u00e1 acercar servicios sanitarios a los vecinos de la comuna.<\/p>\n\n\n\n<p class=\"wp-block-paragraph\">\u201cHoy es un d\u00eda importante para Cebil Redondo, para todos sus vecinos. Tenemos que agradecer al gobernador Osvaldo Jaldo, al ministro de Interior y al ministro de Salud por el trabajo mancomunado que hemos hecho. Hoy es el \u00faltimo paso administrativo de aquello que fue un sue\u00f1o y empieza a hacerse realidad. Cebil Redondo es la comuna m\u00e1s grande que tiene en la provincia, alrededor de 30.000 habitantes viven en ella, y hoy estamos a la altura de las circunstancias. Por la complejidad, los vecinos iban a atenderse o a Taf\u00ed Viejo o a Yerba Buena y eso no va a pasar m\u00e1s. Los habitantes de Cebil Redondo van a contar con un servicio de salud a la altura de la circunstancia, y no tengo duda de que va a ser ejemplar para la zona y un modelo\u00bb.<\/p>\n\n\n\n<p class=\"wp-block-paragraph\">Asimismo, inform\u00f3 que la obra \u00abtiene un plazo promedio de 6 meses\u00bb, y el inicio de la obra est\u00e1 previsto para el mes de octubre\u201d.<\/p>\n\n\n\n<p class=\"wp-block-paragraph\">El convenio establece que la Comuna de Cebil Redondo aportar\u00e1 $200 millones para la ejecuci\u00f3n de la obra. El Ministerio de Salud P\u00fablica, a trav\u00e9s del Siprosa, completar\u00e1 los recursos necesarios para su construcci\u00f3n y tendr\u00e1 a su cargo el equipamiento y la incorporaci\u00f3n del recurso humano.<\/p>\n\n\n\n<p class=\"wp-block-paragraph\">La iniciativa representa un nuevo avance en el fortalecimiento de la infraestructura sanitaria del interior provincial y permitir\u00e1 ampliar el acceso a prestaciones de salud para los habitantes de Cebil Redondo y zonas cercanas.<\/p>\n","protected":false},"excerpt":{"rendered":"<p>Los ministerios de Interior y Salud P\u00fablica y la Comuna de Cebil Redondo firmaron un&#8230;<\/p>\n","protected":false},"author":2,"featured_media":71385,"comment_status":"open","ping_status":"open","sticky":false,"template":"","format":"standard","meta":{"footnotes":"","_members_access_role":[],"_members_access_error":""},"categories":[2],"tags":[],"class_list":["post-71384","post","type-post","status-publish","format-standard","has-post-thumbnail","hentry","category-locales"],"_links":{"self":[{"href":"https:\/\/masquenoticiastucuman.com.ar\/index.php?rest_route=\/wp\/v2\/posts\/71384","targetHints":{"allow":["GET"]}}],"collection":[{"href":"https:\/\/masquenoticiastucuman.com.ar\/index.php?rest_route=\/wp\/v2\/posts"}],"about":[{"href":"https:\/\/masquenoticiastucuman.com.ar\/index.php?rest_route=\/wp\/v2\/types\/post"}],"author":[{"embeddable":true,"href":"https:\/\/masquenoticiastucuman.com.ar\/index.php?rest_route=\/wp\/v2\/users\/2"}],"replies":[{"embeddable":true,"href":"https:\/\/masquenoticiastucuman.com.ar\/index.php?rest_route=%2Fwp%2Fv2%2Fcomments&post=71384"}],"version-history":[{"count":1,"href":"https:\/\/masquenoticiastucuman.com.ar\/index.php?rest_route=\/wp\/v2\/posts\/71384\/revisions"}],"predecessor-version":[{"id":71386,"href":"https:\/\/masquenoticiastucuman.com.ar\/index.php?rest_route=\/wp\/v2\/posts\/71384\/revisions\/71386"}],"wp:featuredmedia":[{"embeddable":true,"href":"https:\/\/masquenoticiastucuman.com.ar\/index.php?rest_route=\/wp\/v2\/media\/71385"}],"wp:attachment":[{"href":"https:\/\/masquenoticiastucuman.com.ar\/index.php?rest_route=%2Fwp%2Fv2%2Fmedia&parent=71384"}],"wp:term":[{"taxonomy":"category","embeddable":true,"href":"https:\/\/masquenoticiastucuman.com.ar\/index.php?rest_route=%2Fwp%2Fv2%2Fcategories&post=71384"},{"taxonomy":"post_tag","embeddable":true,"href":"https:\/\/masquenoticiastucuman.com.ar\/index.php?rest_route=%2Fwp%2Fv2%2Ftags&post=71384"}],"curies":[{"name":"wp","href":"https:\/\/api.w.org\/{rel}","templated":true}]}}