{"id":71387,"date":"2026-09-03T11:24:34","date_gmt":"2026-09-03T14:24:34","guid":{"rendered":"http:\/\/masquenoticiastucuman.com.ar\/?p=71387"},"modified":"2026-09-03T11:24:34","modified_gmt":"2026-09-03T14:24:34","slug":"empleadas-domesticas-el-gobierno-oficializa-como-seran-los-aumentos-y-el-bono-especial-hasta-diciembre-2026","status":"publish","type":"post","link":"https:\/\/masquenoticiastucuman.com.ar\/?p=71387","title":{"rendered":"Empleadas dom\u00e9sticas: el Gobierno oficializa c\u00f3mo ser\u00e1n los aumentos y el bono especial hasta diciembre 2026"},"content":{"rendered":"<ul>\n<li>Aunque reci\u00e9n se publica ahora, la nueva escala arranc\u00f3 en agosto y establece subas para todos los meses hasta fin de a\u00f1o.<\/li>\n<li>Adem\u00e1s, se paga una suma no remunerativa que se incorporar\u00e1 al salario b\u00e1sico en tres etapas.<\/li>\n<\/ul>\n<p>\u200bAunque reci\u00e9n se publica ahora, la nueva escala arranc\u00f3 en agosto y establece subas para todos los meses hasta fin de a\u00f1o.Adem\u00e1s, se paga una suma no remunerativa que se incorporar\u00e1 al salario b\u00e1sico en tres etapas.\u00a0<a href=\"https:\/\/www.clarin.com\/economia\/empleadas-domesticas-oficializan-aumentos-bono-especial-diciembre-2026_0_x6h29IuBep.html\" target=\"_blank\" class=\"feedzy-rss-link-icon\">Read More<\/a><\/p>","protected":false},"excerpt":{"rendered":"<p>Aunque reci\u00e9n se publica ahora, la nueva escala arranc\u00f3 en agosto y establece subas para&#8230;<\/p>\n","protected":false},"author":1,"featured_media":0,"comment_status":"open","ping_status":"open","sticky":false,"template":"","format":"standard","meta":{"footnotes":"","_members_access_role":[],"_members_access_error":""},"categories":[3],"tags":[],"class_list":["post-71387","post","type-post","status-publish","format-standard","has-post-thumbnail","hentry","category-nacionales"],"_links":{"self":[{"href":"https:\/\/masquenoticiastucuman.com.ar\/index.php?rest_route=\/wp\/v2\/posts\/71387","targetHints":{"allow":["GET"]}}],"collection":[{"href":"https:\/\/masquenoticiastucuman.com.ar\/index.php?rest_route=\/wp\/v2\/posts"}],"about":[{"href":"https:\/\/masquenoticiastucuman.com.ar\/index.php?rest_route=\/wp\/v2\/types\/post"}],"author":[{"embeddable":true,"href":"https:\/\/masquenoticiastucuman.com.ar\/index.php?rest_route=\/wp\/v2\/users\/1"}],"replies":[{"embeddable":true,"href":"https:\/\/masquenoticiastucuman.com.ar\/index.php?rest_route=%2Fwp%2Fv2%2Fcomments&post=71387"}],"version-history":[{"count":0,"href":"https:\/\/masquenoticiastucuman.com.ar\/index.php?rest_route=\/wp\/v2\/posts\/71387\/revisions"}],"wp:attachment":[{"href":"https:\/\/masquenoticiastucuman.com.ar\/index.php?rest_route=%2Fwp%2Fv2%2Fmedia&parent=71387"}],"wp:term":[{"taxonomy":"category","embeddable":true,"href":"https:\/\/masquenoticiastucuman.com.ar\/index.php?rest_route=%2Fwp%2Fv2%2Fcategories&post=71387"},{"taxonomy":"post_tag","embeddable":true,"href":"https:\/\/masquenoticiastucuman.com.ar\/index.php?rest_route=%2Fwp%2Fv2%2Ftags&post=71387"}],"curies":[{"name":"wp","href":"https:\/\/api.w.org\/{rel}","templated":true}]}}