{"id":71388,"date":"2026-09-03T11:11:38","date_gmt":"2026-09-03T14:11:38","guid":{"rendered":"http:\/\/masquenoticiastucuman.com.ar\/?p=71388"},"modified":"2026-09-03T11:11:38","modified_gmt":"2026-09-03T14:11:38","slug":"maiz-el-clima-le-asesto-un-duro-golpe-a-la-chicharrita-y-abrio-otro-panorama-en-el-norte-del-pais","status":"publish","type":"post","link":"https:\/\/masquenoticiastucuman.com.ar\/?p=71388","title":{"rendered":"Ma\u00edz: el clima le asest\u00f3 un duro golpe a la chicharrita y abri\u00f3 otro panorama en el norte del pa\u00eds"},"content":{"rendered":"<ul>\n<li>Todav\u00eda hay mayor poblaci\u00f3n de la plaga que en esta misma \u00e9poca del a\u00f1o.<\/li>\n<li>Las bolsas prev\u00e9n una ca\u00edda en la intenci\u00f3n de siembra en el norte del pa\u00eds, zona end\u00e9mica.<\/li>\n<\/ul>\n<p>\u200bTodav\u00eda hay mayor poblaci\u00f3n de la plaga que en esta misma \u00e9poca del a\u00f1o.Las bolsas prev\u00e9n una ca\u00edda en la intenci\u00f3n de siembra en el norte del pa\u00eds, zona end\u00e9mica.\u00a0<a href=\"https:\/\/www.clarin.com\/rural\/maiz-clima-asesto-duro-golpe-chicharrita-abrio-panorama-norte-pais_0_GTNveXF31n.html\" target=\"_blank\" class=\"feedzy-rss-link-icon\">Read More<\/a><\/p>","protected":false},"excerpt":{"rendered":"<p>Todav\u00eda hay mayor poblaci\u00f3n de la plaga que en esta misma \u00e9poca del a\u00f1o. Las&#8230;<\/p>\n","protected":false},"author":1,"featured_media":0,"comment_status":"open","ping_status":"open","sticky":false,"template":"","format":"standard","meta":{"footnotes":"","_members_access_role":[],"_members_access_error":""},"categories":[3],"tags":[],"class_list":["post-71388","post","type-post","status-publish","format-standard","has-post-thumbnail","hentry","category-nacionales"],"_links":{"self":[{"href":"https:\/\/masquenoticiastucuman.com.ar\/index.php?rest_route=\/wp\/v2\/posts\/71388","targetHints":{"allow":["GET"]}}],"collection":[{"href":"https:\/\/masquenoticiastucuman.com.ar\/index.php?rest_route=\/wp\/v2\/posts"}],"about":[{"href":"https:\/\/masquenoticiastucuman.com.ar\/index.php?rest_route=\/wp\/v2\/types\/post"}],"author":[{"embeddable":true,"href":"https:\/\/masquenoticiastucuman.com.ar\/index.php?rest_route=\/wp\/v2\/users\/1"}],"replies":[{"embeddable":true,"href":"https:\/\/masquenoticiastucuman.com.ar\/index.php?rest_route=%2Fwp%2Fv2%2Fcomments&post=71388"}],"version-history":[{"count":0,"href":"https:\/\/masquenoticiastucuman.com.ar\/index.php?rest_route=\/wp\/v2\/posts\/71388\/revisions"}],"wp:attachment":[{"href":"https:\/\/masquenoticiastucuman.com.ar\/index.php?rest_route=%2Fwp%2Fv2%2Fmedia&parent=71388"}],"wp:term":[{"taxonomy":"category","embeddable":true,"href":"https:\/\/masquenoticiastucuman.com.ar\/index.php?rest_route=%2Fwp%2Fv2%2Fcategories&post=71388"},{"taxonomy":"post_tag","embeddable":true,"href":"https:\/\/masquenoticiastucuman.com.ar\/index.php?rest_route=%2Fwp%2Fv2%2Ftags&post=71388"}],"curies":[{"name":"wp","href":"https:\/\/api.w.org\/{rel}","templated":true}]}}