{"id":71389,"date":"2026-09-03T11:45:31","date_gmt":"2026-09-03T14:45:31","guid":{"rendered":"http:\/\/masquenoticiastucuman.com.ar\/?p=71389"},"modified":"2026-09-03T11:45:31","modified_gmt":"2026-09-03T14:45:31","slug":"murio-una-chica-disney-carla-jeffery-actriz-de-zombies-tenia-33-anos","status":"publish","type":"post","link":"https:\/\/masquenoticiastucuman.com.ar\/?p=71389","title":{"rendered":"Muri\u00f3 una chica Disney: Carla Jeffery, actriz de Zombies, ten\u00eda 33 a\u00f1os"},"content":{"rendered":"<ul>\n<li>Interpretaba a Bree en la exitosa saga juvenil de Disney Channel.<\/li>\n<li>Por el momento se desconocen las causas de su fallecimiento.<\/li>\n<li>Comenz\u00f3 con su carrera actoral a los 12 a\u00f1os.<\/li>\n<\/ul>\n<p>\u200bInterpretaba a Bree en la exitosa saga juvenil de Disney Channel.Por el momento se desconocen las causas de su fallecimiento.Comenz\u00f3 con su carrera actoral a los 12 a\u00f1os.\u00a0<a href=\"https:\/\/www.clarin.com\/espectaculos\/murio-chica-disney-carla-jeffery-actriz-z-m-b-i-s_0_jh7ztdMEsf.html\" target=\"_blank\" class=\"feedzy-rss-link-icon\">Read More<\/a><\/p>","protected":false},"excerpt":{"rendered":"<p>Interpretaba a Bree en la exitosa saga juvenil de Disney Channel. Por el momento se&#8230;<\/p>\n","protected":false},"author":1,"featured_media":0,"comment_status":"open","ping_status":"open","sticky":false,"template":"","format":"standard","meta":{"footnotes":"","_members_access_role":[],"_members_access_error":""},"categories":[5],"tags":[],"class_list":["post-71389","post","type-post","status-publish","format-standard","has-post-thumbnail","hentry","category-espectaculo"],"_links":{"self":[{"href":"https:\/\/masquenoticiastucuman.com.ar\/index.php?rest_route=\/wp\/v2\/posts\/71389","targetHints":{"allow":["GET"]}}],"collection":[{"href":"https:\/\/masquenoticiastucuman.com.ar\/index.php?rest_route=\/wp\/v2\/posts"}],"about":[{"href":"https:\/\/masquenoticiastucuman.com.ar\/index.php?rest_route=\/wp\/v2\/types\/post"}],"author":[{"embeddable":true,"href":"https:\/\/masquenoticiastucuman.com.ar\/index.php?rest_route=\/wp\/v2\/users\/1"}],"replies":[{"embeddable":true,"href":"https:\/\/masquenoticiastucuman.com.ar\/index.php?rest_route=%2Fwp%2Fv2%2Fcomments&post=71389"}],"version-history":[{"count":0,"href":"https:\/\/masquenoticiastucuman.com.ar\/index.php?rest_route=\/wp\/v2\/posts\/71389\/revisions"}],"wp:attachment":[{"href":"https:\/\/masquenoticiastucuman.com.ar\/index.php?rest_route=%2Fwp%2Fv2%2Fmedia&parent=71389"}],"wp:term":[{"taxonomy":"category","embeddable":true,"href":"https:\/\/masquenoticiastucuman.com.ar\/index.php?rest_route=%2Fwp%2Fv2%2Fcategories&post=71389"},{"taxonomy":"post_tag","embeddable":true,"href":"https:\/\/masquenoticiastucuman.com.ar\/index.php?rest_route=%2Fwp%2Fv2%2Ftags&post=71389"}],"curies":[{"name":"wp","href":"https:\/\/api.w.org\/{rel}","templated":true}]}}