{"id":71390,"date":"2026-09-03T13:33:44","date_gmt":"2026-09-03T16:33:44","guid":{"rendered":"http:\/\/masquenoticiastucuman.com.ar\/?p=71390"},"modified":"2026-09-03T13:33:44","modified_gmt":"2026-09-03T16:33:44","slug":"milito-rompio-el-silencio-y-hablo-de-todo-por-que-echo-a-costas-la-vuelta-de-de-paul-y-de-que-hablaba-cuando-prometio-un-salto-de-calidad-en-racing","status":"publish","type":"post","link":"https:\/\/masquenoticiastucuman.com.ar\/?p=71390","title":{"rendered":"Milito rompi\u00f3 el silencio y habl\u00f3 de todo: por qu\u00e9 ech\u00f3 a Costas, la vuelta de De Paul y de qu\u00e9 hablaba cuando prometi\u00f3 &#8220;un salto de calidad&#8221; en Racing"},"content":{"rendered":"<ul>\n<li>En medio de la crisis futbol\u00edstica del club, el presidente de la Academia ofreci\u00f3 una conferencia de prensa.<\/li>\n<\/ul>\n<p>\u200bEn medio de la crisis futbol\u00edstica del club, el presidente de la Academia ofreci\u00f3 una conferencia de prensa.\u00a0<a href=\"https:\/\/www.clarin.com\/deportes\/milito-rompio-silencio-hablo-echo-costas-vuelta-paul-hablaba-prometio-salto-calidad-racing_0_FWBr5hMlN0.html\" target=\"_blank\" class=\"feedzy-rss-link-icon\">Read More<\/a><\/p>","protected":false},"excerpt":{"rendered":"<p>En medio de la crisis futbol\u00edstica del club, el presidente de la Academia ofreci\u00f3 una&#8230;<\/p>\n","protected":false},"author":1,"featured_media":0,"comment_status":"open","ping_status":"open","sticky":false,"template":"","format":"standard","meta":{"footnotes":"","_members_access_role":[],"_members_access_error":""},"categories":[6],"tags":[],"class_list":["post-71390","post","type-post","status-publish","format-standard","has-post-thumbnail","hentry","category-deportes"],"_links":{"self":[{"href":"https:\/\/masquenoticiastucuman.com.ar\/index.php?rest_route=\/wp\/v2\/posts\/71390","targetHints":{"allow":["GET"]}}],"collection":[{"href":"https:\/\/masquenoticiastucuman.com.ar\/index.php?rest_route=\/wp\/v2\/posts"}],"about":[{"href":"https:\/\/masquenoticiastucuman.com.ar\/index.php?rest_route=\/wp\/v2\/types\/post"}],"author":[{"embeddable":true,"href":"https:\/\/masquenoticiastucuman.com.ar\/index.php?rest_route=\/wp\/v2\/users\/1"}],"replies":[{"embeddable":true,"href":"https:\/\/masquenoticiastucuman.com.ar\/index.php?rest_route=%2Fwp%2Fv2%2Fcomments&post=71390"}],"version-history":[{"count":0,"href":"https:\/\/masquenoticiastucuman.com.ar\/index.php?rest_route=\/wp\/v2\/posts\/71390\/revisions"}],"wp:attachment":[{"href":"https:\/\/masquenoticiastucuman.com.ar\/index.php?rest_route=%2Fwp%2Fv2%2Fmedia&parent=71390"}],"wp:term":[{"taxonomy":"category","embeddable":true,"href":"https:\/\/masquenoticiastucuman.com.ar\/index.php?rest_route=%2Fwp%2Fv2%2Fcategories&post=71390"},{"taxonomy":"post_tag","embeddable":true,"href":"https:\/\/masquenoticiastucuman.com.ar\/index.php?rest_route=%2Fwp%2Fv2%2Ftags&post=71390"}],"curies":[{"name":"wp","href":"https:\/\/api.w.org\/{rel}","templated":true}]}}