{"id":71391,"date":"2026-09-03T12:45:45","date_gmt":"2026-09-03T15:45:45","guid":{"rendered":"http:\/\/masquenoticiastucuman.com.ar\/?p=71391"},"modified":"2026-09-03T12:45:45","modified_gmt":"2026-09-03T15:45:45","slug":"franco-colapinto-hablo-sobre-su-renovacion-con-alpine-en-la-previa-del-gp-de-italia-me-recontra-merezco-seguir","status":"publish","type":"post","link":"https:\/\/masquenoticiastucuman.com.ar\/?p=71391","title":{"rendered":"Franco Colapinto habl\u00f3 sobre su renovaci\u00f3n con Alpine en la previa del GP de Italia: &#8220;Me recontra merezco seguir&#8221;"},"content":{"rendered":"<ul>\n<li>El piloto argentino se encuentra en Monza de cara al GP de Italia de este fin de semana. <\/li>\n<li>Habl\u00f3 por primera vez con la prensa tras la renovaci\u00f3n con Alpine por una temporada m\u00e1s.<\/li>\n<\/ul>\n<p>\u200bEl piloto argentino se encuentra en Monza de cara al GP de Italia de este fin de semana. Habl\u00f3 por primera vez con la prensa tras la renovaci\u00f3n con Alpine por una temporada m\u00e1s.\u00a0<a href=\"https:\/\/www.clarin.com\/deportes\/franco-colapinto-hablo-renovacion-alpine-previa-gp-italia-recontra-merezco-seguir_0_eJIbcrCRAy.html\" target=\"_blank\" class=\"feedzy-rss-link-icon\">Read More<\/a><\/p>","protected":false},"excerpt":{"rendered":"<p>El piloto argentino se encuentra en Monza de cara al GP de Italia de este&#8230;<\/p>\n","protected":false},"author":1,"featured_media":0,"comment_status":"open","ping_status":"open","sticky":false,"template":"","format":"standard","meta":{"footnotes":"","_members_access_role":[],"_members_access_error":""},"categories":[6],"tags":[],"class_list":["post-71391","post","type-post","status-publish","format-standard","has-post-thumbnail","hentry","category-deportes"],"_links":{"self":[{"href":"https:\/\/masquenoticiastucuman.com.ar\/index.php?rest_route=\/wp\/v2\/posts\/71391","targetHints":{"allow":["GET"]}}],"collection":[{"href":"https:\/\/masquenoticiastucuman.com.ar\/index.php?rest_route=\/wp\/v2\/posts"}],"about":[{"href":"https:\/\/masquenoticiastucuman.com.ar\/index.php?rest_route=\/wp\/v2\/types\/post"}],"author":[{"embeddable":true,"href":"https:\/\/masquenoticiastucuman.com.ar\/index.php?rest_route=\/wp\/v2\/users\/1"}],"replies":[{"embeddable":true,"href":"https:\/\/masquenoticiastucuman.com.ar\/index.php?rest_route=%2Fwp%2Fv2%2Fcomments&post=71391"}],"version-history":[{"count":0,"href":"https:\/\/masquenoticiastucuman.com.ar\/index.php?rest_route=\/wp\/v2\/posts\/71391\/revisions"}],"wp:attachment":[{"href":"https:\/\/masquenoticiastucuman.com.ar\/index.php?rest_route=%2Fwp%2Fv2%2Fmedia&parent=71391"}],"wp:term":[{"taxonomy":"category","embeddable":true,"href":"https:\/\/masquenoticiastucuman.com.ar\/index.php?rest_route=%2Fwp%2Fv2%2Fcategories&post=71391"},{"taxonomy":"post_tag","embeddable":true,"href":"https:\/\/masquenoticiastucuman.com.ar\/index.php?rest_route=%2Fwp%2Fv2%2Ftags&post=71391"}],"curies":[{"name":"wp","href":"https:\/\/api.w.org\/{rel}","templated":true}]}}