{"id":71392,"date":"2026-09-03T14:01:51","date_gmt":"2026-09-03T17:01:51","guid":{"rendered":"http:\/\/masquenoticiastucuman.com.ar\/?p=71392"},"modified":"2026-09-03T14:01:51","modified_gmt":"2026-09-03T17:01:51","slug":"la-crisis-en-ceuta-desnuda-un-vinculo-incomodo-entre-espana-y-marruecos-y-suma-presion-a-pedro-sanchez","status":"publish","type":"post","link":"https:\/\/masquenoticiastucuman.com.ar\/?p=71392","title":{"rendered":"La crisis en Ceuta desnuda un v\u00ednculo inc\u00f3modo entre Espa\u00f1a y Marruecos y suma presi\u00f3n a Pedro S\u00e1nchez"},"content":{"rendered":"<ul>\n<li>Rabat est\u00e1 bajo la lupa por su supuesta responsabilidad en el cruce masivo y mort\u00edfero de migrantes el 30 de julio.<\/li>\n<li>El presidente del gobierno espa\u00f1ol busca hacer equilibrio en una relaci\u00f3n inestable y delicada con el pa\u00eds africano.<\/li>\n<\/ul>\n<p>\u200bRabat est\u00e1 bajo la lupa por su supuesta responsabilidad en el cruce masivo y mort\u00edfero de migrantes el 30 de julio.El presidente del gobierno espa\u00f1ol busca hacer equilibrio en una relaci\u00f3n inestable y delicada con el pa\u00eds africano.\u00a0<a href=\"https:\/\/www.clarin.com\/mundo\/crisis-ceuta-desnuda-vinculo-incomodo-espana-marruecos-suma-presion-pedro-sanchez_0_EYFQwR2eai.html\" target=\"_blank\" class=\"feedzy-rss-link-icon\">Read More<\/a><\/p>","protected":false},"excerpt":{"rendered":"<p>Rabat est\u00e1 bajo la lupa por su supuesta responsabilidad en el cruce masivo y mort\u00edfero&#8230;<\/p>\n","protected":false},"author":1,"featured_media":71393,"comment_status":"open","ping_status":"open","sticky":false,"template":"","format":"standard","meta":{"footnotes":"","_members_access_role":[],"_members_access_error":""},"categories":[4],"tags":[],"class_list":["post-71392","post","type-post","status-publish","format-standard","has-post-thumbnail","hentry","category-internacionales"],"_links":{"self":[{"href":"https:\/\/masquenoticiastucuman.com.ar\/index.php?rest_route=\/wp\/v2\/posts\/71392","targetHints":{"allow":["GET"]}}],"collection":[{"href":"https:\/\/masquenoticiastucuman.com.ar\/index.php?rest_route=\/wp\/v2\/posts"}],"about":[{"href":"https:\/\/masquenoticiastucuman.com.ar\/index.php?rest_route=\/wp\/v2\/types\/post"}],"author":[{"embeddable":true,"href":"https:\/\/masquenoticiastucuman.com.ar\/index.php?rest_route=\/wp\/v2\/users\/1"}],"replies":[{"embeddable":true,"href":"https:\/\/masquenoticiastucuman.com.ar\/index.php?rest_route=%2Fwp%2Fv2%2Fcomments&post=71392"}],"version-history":[{"count":0,"href":"https:\/\/masquenoticiastucuman.com.ar\/index.php?rest_route=\/wp\/v2\/posts\/71392\/revisions"}],"wp:featuredmedia":[{"embeddable":true,"href":"https:\/\/masquenoticiastucuman.com.ar\/index.php?rest_route=\/wp\/v2\/media\/71393"}],"wp:attachment":[{"href":"https:\/\/masquenoticiastucuman.com.ar\/index.php?rest_route=%2Fwp%2Fv2%2Fmedia&parent=71392"}],"wp:term":[{"taxonomy":"category","embeddable":true,"href":"https:\/\/masquenoticiastucuman.com.ar\/index.php?rest_route=%2Fwp%2Fv2%2Fcategories&post=71392"},{"taxonomy":"post_tag","embeddable":true,"href":"https:\/\/masquenoticiastucuman.com.ar\/index.php?rest_route=%2Fwp%2Fv2%2Ftags&post=71392"}],"curies":[{"name":"wp","href":"https:\/\/api.w.org\/{rel}","templated":true}]}}