{"id":71394,"date":"2026-09-03T13:45:58","date_gmt":"2026-09-03T16:45:58","guid":{"rendered":"http:\/\/masquenoticiastucuman.com.ar\/?p=71394"},"modified":"2026-09-03T13:45:58","modified_gmt":"2026-09-03T16:45:58","slug":"mas-presion-sobre-la-isla-estados-unidos-sanciono-a-un-nieto-de-raul-castro-y-al-banco-exterior-de-cuba","status":"publish","type":"post","link":"https:\/\/masquenoticiastucuman.com.ar\/?p=71394","title":{"rendered":"M\u00e1s presi\u00f3n sobre la isla: Estados Unidos sancion\u00f3 a un nieto de Ra\u00fal Castro y al Banco Exterior de Cuba"},"content":{"rendered":"<ul>\n<li>&#8220;Estas designaciones reflejan la visi\u00f3n inquebrantable del presidente Trump de una Cuba libre&#8221;, afirm\u00f3 el secretario de Estado, Marco Rubio, en un comunicado.<\/li>\n<\/ul>\n<p>\u200b&#8221;Estas designaciones reflejan la visi\u00f3n inquebrantable del presidente Trump de una Cuba libre&#8221;, afirm\u00f3 el secretario de Estado, Marco Rubio, en un comunicado.\u00a0<a href=\"https:\/\/www.clarin.com\/mundo\/presion-isla-estados-unidos-sanciono-nieto-raul-castro-banco-exterior-cuba_0_E2QMm8wMBx.html\" target=\"_blank\" class=\"feedzy-rss-link-icon\">Read More<\/a><\/p>","protected":false},"excerpt":{"rendered":"<p>&#8220;Estas designaciones reflejan la visi\u00f3n inquebrantable del presidente Trump de una Cuba libre&#8221;, afirm\u00f3 el&#8230;<\/p>\n","protected":false},"author":1,"featured_media":71395,"comment_status":"open","ping_status":"open","sticky":false,"template":"","format":"standard","meta":{"footnotes":"","_members_access_role":[],"_members_access_error":""},"categories":[4],"tags":[],"class_list":["post-71394","post","type-post","status-publish","format-standard","has-post-thumbnail","hentry","category-internacionales"],"_links":{"self":[{"href":"https:\/\/masquenoticiastucuman.com.ar\/index.php?rest_route=\/wp\/v2\/posts\/71394","targetHints":{"allow":["GET"]}}],"collection":[{"href":"https:\/\/masquenoticiastucuman.com.ar\/index.php?rest_route=\/wp\/v2\/posts"}],"about":[{"href":"https:\/\/masquenoticiastucuman.com.ar\/index.php?rest_route=\/wp\/v2\/types\/post"}],"author":[{"embeddable":true,"href":"https:\/\/masquenoticiastucuman.com.ar\/index.php?rest_route=\/wp\/v2\/users\/1"}],"replies":[{"embeddable":true,"href":"https:\/\/masquenoticiastucuman.com.ar\/index.php?rest_route=%2Fwp%2Fv2%2Fcomments&post=71394"}],"version-history":[{"count":0,"href":"https:\/\/masquenoticiastucuman.com.ar\/index.php?rest_route=\/wp\/v2\/posts\/71394\/revisions"}],"wp:featuredmedia":[{"embeddable":true,"href":"https:\/\/masquenoticiastucuman.com.ar\/index.php?rest_route=\/wp\/v2\/media\/71395"}],"wp:attachment":[{"href":"https:\/\/masquenoticiastucuman.com.ar\/index.php?rest_route=%2Fwp%2Fv2%2Fmedia&parent=71394"}],"wp:term":[{"taxonomy":"category","embeddable":true,"href":"https:\/\/masquenoticiastucuman.com.ar\/index.php?rest_route=%2Fwp%2Fv2%2Fcategories&post=71394"},{"taxonomy":"post_tag","embeddable":true,"href":"https:\/\/masquenoticiastucuman.com.ar\/index.php?rest_route=%2Fwp%2Fv2%2Ftags&post=71394"}],"curies":[{"name":"wp","href":"https:\/\/api.w.org\/{rel}","templated":true}]}}