{"id":71397,"date":"2026-09-03T14:24:14","date_gmt":"2026-09-03T17:24:14","guid":{"rendered":"http:\/\/masquenoticiastucuman.com.ar\/?p=71397"},"modified":"2026-09-03T14:24:14","modified_gmt":"2026-09-03T17:24:14","slug":"f1-gp-de-italia-horarios-del-entrenamiento-y-clasificacion-como-y-donde-ver-la-formula-1","status":"publish","type":"post","link":"https:\/\/masquenoticiastucuman.com.ar\/?p=71397","title":{"rendered":"F1 GP de Italia: horarios del entrenamiento y clasificaci\u00f3n, c\u00f3mo y d\u00f3nde ver la F\u00f3rmula 1"},"content":{"rendered":"<ul>\n<li>Colapinto afrontar\u00e1 la decimotercera fecha del campeonato sin la presi\u00f3n sobre su futuro.<\/li>\n<li>El denominado Templo de la Velocidad exige una configuraci\u00f3n aerodin\u00e1mica espec\u00edfica para encarar sus 11 curvas y superar los 340 kil\u00f3metros por hora.<\/li>\n<\/ul>\n<p>\u200bColapinto afrontar\u00e1 la decimotercera fecha del campeonato sin la presi\u00f3n sobre su futuro.El denominado Templo de la Velocidad exige una configuraci\u00f3n aerodin\u00e1mica espec\u00edfica para encarar sus 11 curvas y superar los 340 kil\u00f3metros por hora.\u00a0<a href=\"https:\/\/www.clarin.com\/deportes\/f1-gp-italia-horarios-entrenamiento-clasificacion-ver-formula-1_0_KCQi523vPq.html\" target=\"_blank\" class=\"feedzy-rss-link-icon\">Read More<\/a><\/p>","protected":false},"excerpt":{"rendered":"<p>Colapinto afrontar\u00e1 la decimotercera fecha del campeonato sin la presi\u00f3n sobre su futuro. El denominado&#8230;<\/p>\n","protected":false},"author":1,"featured_media":0,"comment_status":"open","ping_status":"open","sticky":false,"template":"","format":"standard","meta":{"footnotes":"","_members_access_role":[],"_members_access_error":""},"categories":[6],"tags":[],"class_list":["post-71397","post","type-post","status-publish","format-standard","has-post-thumbnail","hentry","category-deportes"],"_links":{"self":[{"href":"https:\/\/masquenoticiastucuman.com.ar\/index.php?rest_route=\/wp\/v2\/posts\/71397","targetHints":{"allow":["GET"]}}],"collection":[{"href":"https:\/\/masquenoticiastucuman.com.ar\/index.php?rest_route=\/wp\/v2\/posts"}],"about":[{"href":"https:\/\/masquenoticiastucuman.com.ar\/index.php?rest_route=\/wp\/v2\/types\/post"}],"author":[{"embeddable":true,"href":"https:\/\/masquenoticiastucuman.com.ar\/index.php?rest_route=\/wp\/v2\/users\/1"}],"replies":[{"embeddable":true,"href":"https:\/\/masquenoticiastucuman.com.ar\/index.php?rest_route=%2Fwp%2Fv2%2Fcomments&post=71397"}],"version-history":[{"count":0,"href":"https:\/\/masquenoticiastucuman.com.ar\/index.php?rest_route=\/wp\/v2\/posts\/71397\/revisions"}],"wp:attachment":[{"href":"https:\/\/masquenoticiastucuman.com.ar\/index.php?rest_route=%2Fwp%2Fv2%2Fmedia&parent=71397"}],"wp:term":[{"taxonomy":"category","embeddable":true,"href":"https:\/\/masquenoticiastucuman.com.ar\/index.php?rest_route=%2Fwp%2Fv2%2Fcategories&post=71397"},{"taxonomy":"post_tag","embeddable":true,"href":"https:\/\/masquenoticiastucuman.com.ar\/index.php?rest_route=%2Fwp%2Fv2%2Ftags&post=71397"}],"curies":[{"name":"wp","href":"https:\/\/api.w.org\/{rel}","templated":true}]}}