{"id":71399,"date":"2026-09-03T16:41:56","date_gmt":"2026-09-03T19:41:56","guid":{"rendered":"http:\/\/masquenoticiastucuman.com.ar\/?p=71399"},"modified":"2026-09-03T16:41:56","modified_gmt":"2026-09-03T19:41:56","slug":"el-vice-del-central-apunto-contra-el-costo-financiero-las-tasas-de-interes-son-altas-inducen-a-la-mora-y-resultan-impagables-en-terminos-reales","status":"publish","type":"post","link":"https:\/\/masquenoticiastucuman.com.ar\/?p=71399","title":{"rendered":"El vice del Central apunt\u00f3 contra el costo financiero: &#8220;Las tasas de inter\u00e9s son altas, inducen a la mora y resultan impagables en t\u00e9rminos reales&#8221;"},"content":{"rendered":"<ul>\n<li>Asegur\u00f3 que la mora general toc\u00f3 su techo en 7,7% y rechaz\u00f3 rescates estatales a los bancos.  <\/li>\n<li>El funcionario desestim\u00f3 un impacto sist\u00e9mico del atraso crediticio y pidi\u00f3 a las entidades acelerar refinanciaciones realistas<\/li>\n<\/ul>\n<p>\u200bAsegur\u00f3 que la mora general toc\u00f3 su techo en 7,7% y rechaz\u00f3 rescates estatales a los bancos.  El funcionario desestim\u00f3 un impacto sist\u00e9mico del atraso crediticio y pidi\u00f3 a las entidades acelerar refinanciaciones realistas\u00a0<a href=\"https:\/\/www.clarin.com\/economia\/vice-central-apunto-costo-financiero-tasas-interes-altas-inducen-mora-resultan-impagables-terminos-reales_0_3LNcmmKUib.html\" target=\"_blank\" class=\"feedzy-rss-link-icon\">Read More<\/a><\/p>","protected":false},"excerpt":{"rendered":"<p>Asegur\u00f3 que la mora general toc\u00f3 su techo en 7,7% y rechaz\u00f3 rescates estatales a&#8230;<\/p>\n","protected":false},"author":1,"featured_media":0,"comment_status":"open","ping_status":"open","sticky":false,"template":"","format":"standard","meta":{"footnotes":"","_members_access_role":[],"_members_access_error":""},"categories":[3],"tags":[],"class_list":["post-71399","post","type-post","status-publish","format-standard","has-post-thumbnail","hentry","category-nacionales"],"_links":{"self":[{"href":"https:\/\/masquenoticiastucuman.com.ar\/index.php?rest_route=\/wp\/v2\/posts\/71399","targetHints":{"allow":["GET"]}}],"collection":[{"href":"https:\/\/masquenoticiastucuman.com.ar\/index.php?rest_route=\/wp\/v2\/posts"}],"about":[{"href":"https:\/\/masquenoticiastucuman.com.ar\/index.php?rest_route=\/wp\/v2\/types\/post"}],"author":[{"embeddable":true,"href":"https:\/\/masquenoticiastucuman.com.ar\/index.php?rest_route=\/wp\/v2\/users\/1"}],"replies":[{"embeddable":true,"href":"https:\/\/masquenoticiastucuman.com.ar\/index.php?rest_route=%2Fwp%2Fv2%2Fcomments&post=71399"}],"version-history":[{"count":0,"href":"https:\/\/masquenoticiastucuman.com.ar\/index.php?rest_route=\/wp\/v2\/posts\/71399\/revisions"}],"wp:attachment":[{"href":"https:\/\/masquenoticiastucuman.com.ar\/index.php?rest_route=%2Fwp%2Fv2%2Fmedia&parent=71399"}],"wp:term":[{"taxonomy":"category","embeddable":true,"href":"https:\/\/masquenoticiastucuman.com.ar\/index.php?rest_route=%2Fwp%2Fv2%2Fcategories&post=71399"},{"taxonomy":"post_tag","embeddable":true,"href":"https:\/\/masquenoticiastucuman.com.ar\/index.php?rest_route=%2Fwp%2Fv2%2Ftags&post=71399"}],"curies":[{"name":"wp","href":"https:\/\/api.w.org\/{rel}","templated":true}]}}