{"id":71400,"date":"2026-09-03T16:20:19","date_gmt":"2026-09-03T19:20:19","guid":{"rendered":"http:\/\/masquenoticiastucuman.com.ar\/?p=71400"},"modified":"2026-09-03T16:20:19","modified_gmt":"2026-09-03T19:20:19","slug":"tras-los-cambios-en-el-proyecto-oficial-hubo-dictamen-para-el-nuevo-marco-regulatorio-de-la-ley-de-biocombustibles","status":"publish","type":"post","link":"https:\/\/masquenoticiastucuman.com.ar\/?p=71400","title":{"rendered":"Tras los cambios en el proyecto oficial, hubo dictamen para el nuevo marco regulatorio de la ley de Biocombustibles"},"content":{"rendered":"<ul>\n<li>La iniciativa eleva los porcentajes de mezcla obligatoria para biodi\u00e9sel y bioetanol.<\/li>\n<li>Adem\u00e1s, modifica el esquema de participaci\u00f3n de las empresas en el mercado de biodiesel.<\/li>\n<\/ul>\n<p>\u200bLa iniciativa eleva los porcentajes de mezcla obligatoria para biodi\u00e9sel y bioetanol.Adem\u00e1s, modifica el esquema de participaci\u00f3n de las empresas en el mercado de biodiesel.\u00a0<a href=\"https:\/\/www.clarin.com\/rural\/cambios-proyecto-oficial-dictamen-nuevo-marco-regulatorio-ley-biocombustibles_0_vgSNFABMpL.html\" target=\"_blank\" class=\"feedzy-rss-link-icon\">Read More<\/a><\/p>","protected":false},"excerpt":{"rendered":"<p>La iniciativa eleva los porcentajes de mezcla obligatoria para biodi\u00e9sel y bioetanol. Adem\u00e1s, modifica el&#8230;<\/p>\n","protected":false},"author":1,"featured_media":0,"comment_status":"open","ping_status":"open","sticky":false,"template":"","format":"standard","meta":{"footnotes":"","_members_access_role":[],"_members_access_error":""},"categories":[3],"tags":[],"class_list":["post-71400","post","type-post","status-publish","format-standard","has-post-thumbnail","hentry","category-nacionales"],"_links":{"self":[{"href":"https:\/\/masquenoticiastucuman.com.ar\/index.php?rest_route=\/wp\/v2\/posts\/71400","targetHints":{"allow":["GET"]}}],"collection":[{"href":"https:\/\/masquenoticiastucuman.com.ar\/index.php?rest_route=\/wp\/v2\/posts"}],"about":[{"href":"https:\/\/masquenoticiastucuman.com.ar\/index.php?rest_route=\/wp\/v2\/types\/post"}],"author":[{"embeddable":true,"href":"https:\/\/masquenoticiastucuman.com.ar\/index.php?rest_route=\/wp\/v2\/users\/1"}],"replies":[{"embeddable":true,"href":"https:\/\/masquenoticiastucuman.com.ar\/index.php?rest_route=%2Fwp%2Fv2%2Fcomments&post=71400"}],"version-history":[{"count":0,"href":"https:\/\/masquenoticiastucuman.com.ar\/index.php?rest_route=\/wp\/v2\/posts\/71400\/revisions"}],"wp:attachment":[{"href":"https:\/\/masquenoticiastucuman.com.ar\/index.php?rest_route=%2Fwp%2Fv2%2Fmedia&parent=71400"}],"wp:term":[{"taxonomy":"category","embeddable":true,"href":"https:\/\/masquenoticiastucuman.com.ar\/index.php?rest_route=%2Fwp%2Fv2%2Fcategories&post=71400"},{"taxonomy":"post_tag","embeddable":true,"href":"https:\/\/masquenoticiastucuman.com.ar\/index.php?rest_route=%2Fwp%2Fv2%2Ftags&post=71400"}],"curies":[{"name":"wp","href":"https:\/\/api.w.org\/{rel}","templated":true}]}}