{"id":71401,"date":"2026-09-03T17:59:26","date_gmt":"2026-09-03T20:59:26","guid":{"rendered":"http:\/\/masquenoticiastucuman.com.ar\/?p=71401"},"modified":"2026-09-03T17:59:26","modified_gmt":"2026-09-03T20:59:26","slug":"venezuela-maria-corina-machado-rechazo-por-ilegitimo-el-pacto-petrolero-acordado-entre-delcy-rodriguez-y-donald-trump","status":"publish","type":"post","link":"https:\/\/masquenoticiastucuman.com.ar\/?p=71401","title":{"rendered":"Venezuela: Mar\u00eda Corina Machado rechaz\u00f3 por &#8220;ilegitimo&#8221; el pacto petrolero acordado entre Delcy Rodr\u00edguez y Donald Trump"},"content":{"rendered":"<ul>\n<li>En su v\u00eddeo que transmiti\u00f3 por las redes sociales, la l\u00edder opositora comparti\u00f3 la \u201ctristeza\u201d y la \u201crabia\u201d que han sentido los venezolanos porque un r\u00e9gimen ilegitimo y autoritario toma decisiones sobre el patrimonio nacional a espaldas de los venezolanos.<\/li>\n<li>&#8220;El patrimonio de nuestro suelo no le pertenece a un r\u00e9gimen ileg\u00edtimo, le pertenece al pueblo venezolano&#8221;, enfatiz\u00f3 la l\u00edder pol\u00edtica, que a comienzo de a\u00f1o le regal\u00f3 su Premio N\u00f3bel al presidente de Estados Unidos.<\/li>\n<\/ul>\n<p>\u200bEn su v\u00eddeo que transmiti\u00f3 por las redes sociales, la l\u00edder opositora comparti\u00f3 la \u201ctristeza\u201d y la \u201crabia\u201d que han sentido los venezolanos porque un r\u00e9gimen ilegitimo y autoritario toma decisiones sobre el patrimonio nacional a espaldas de los venezolanos.&#8221;El patrimonio de nuestro suelo no le pertenece a un r\u00e9gimen ileg\u00edtimo, le pertenece al pueblo venezolano&#8221;, enfatiz\u00f3 la l\u00edder pol\u00edtica, que a comienzo de a\u00f1o le regal\u00f3 su Premio N\u00f3bel al presidente de Estados Unidos.\u00a0<a href=\"https:\/\/www.clarin.com\/mundo\/venezuela-maria-corina-machado-rechazo-ilegitimo-pacto-petrolero-acordado-delcy-rodriguez-donald-trump_0_Vy3xxOHGlI.html\" target=\"_blank\" class=\"feedzy-rss-link-icon\">Read More<\/a><\/p>","protected":false},"excerpt":{"rendered":"<p>En su v\u00eddeo que transmiti\u00f3 por las redes sociales, la l\u00edder opositora comparti\u00f3 la \u201ctristeza\u201d&#8230;<\/p>\n","protected":false},"author":1,"featured_media":71402,"comment_status":"open","ping_status":"open","sticky":false,"template":"","format":"standard","meta":{"footnotes":"","_members_access_role":[],"_members_access_error":""},"categories":[4],"tags":[],"class_list":["post-71401","post","type-post","status-publish","format-standard","has-post-thumbnail","hentry","category-internacionales"],"_links":{"self":[{"href":"https:\/\/masquenoticiastucuman.com.ar\/index.php?rest_route=\/wp\/v2\/posts\/71401","targetHints":{"allow":["GET"]}}],"collection":[{"href":"https:\/\/masquenoticiastucuman.com.ar\/index.php?rest_route=\/wp\/v2\/posts"}],"about":[{"href":"https:\/\/masquenoticiastucuman.com.ar\/index.php?rest_route=\/wp\/v2\/types\/post"}],"author":[{"embeddable":true,"href":"https:\/\/masquenoticiastucuman.com.ar\/index.php?rest_route=\/wp\/v2\/users\/1"}],"replies":[{"embeddable":true,"href":"https:\/\/masquenoticiastucuman.com.ar\/index.php?rest_route=%2Fwp%2Fv2%2Fcomments&post=71401"}],"version-history":[{"count":0,"href":"https:\/\/masquenoticiastucuman.com.ar\/index.php?rest_route=\/wp\/v2\/posts\/71401\/revisions"}],"wp:featuredmedia":[{"embeddable":true,"href":"https:\/\/masquenoticiastucuman.com.ar\/index.php?rest_route=\/wp\/v2\/media\/71402"}],"wp:attachment":[{"href":"https:\/\/masquenoticiastucuman.com.ar\/index.php?rest_route=%2Fwp%2Fv2%2Fmedia&parent=71401"}],"wp:term":[{"taxonomy":"category","embeddable":true,"href":"https:\/\/masquenoticiastucuman.com.ar\/index.php?rest_route=%2Fwp%2Fv2%2Fcategories&post=71401"},{"taxonomy":"post_tag","embeddable":true,"href":"https:\/\/masquenoticiastucuman.com.ar\/index.php?rest_route=%2Fwp%2Fv2%2Ftags&post=71401"}],"curies":[{"name":"wp","href":"https:\/\/api.w.org\/{rel}","templated":true}]}}