{"id":71406,"date":"2026-09-03T18:21:08","date_gmt":"2026-09-03T21:21:08","guid":{"rendered":"http:\/\/masquenoticiastucuman.com.ar\/?p=71406"},"modified":"2026-09-03T18:21:08","modified_gmt":"2026-09-03T21:21:08","slug":"el-sorprendente-retiro-de-un-campeon-del-mundo-con-espana-tras-ganar-el-mundial-2026-jugo-menos-de-30-partidos-en-la-seleccion","status":"publish","type":"post","link":"https:\/\/masquenoticiastucuman.com.ar\/?p=71406","title":{"rendered":"El sorprendente retiro de un campe\u00f3n del mundo con Espa\u00f1a tras ganar el Mundial 2026: jug\u00f3 menos de 30 partidos en la Selecci\u00f3n"},"content":{"rendered":"<ul>\n<li>Lo anunci\u00f3 a trav\u00e9s de sus redes sociales.<\/li>\n<li>En menos de 30 partidos jugados con su selecci\u00f3n, Llorente gan\u00f3 dos t\u00edtulos.<\/li>\n<\/ul>\n<p>\u200bLo anunci\u00f3 a trav\u00e9s de sus redes sociales.En menos de 30 partidos jugados con su selecci\u00f3n, Llorente gan\u00f3 dos t\u00edtulos.\u00a0<a href=\"https:\/\/www.clarin.com\/deportes\/sorprendente-retiro-campeon-mundo-espana-ganar-mundial-2026-jugo-30-partidos-seleccion_0_2uvdj4nPl4.html\" target=\"_blank\" class=\"feedzy-rss-link-icon\">Read More<\/a><\/p>","protected":false},"excerpt":{"rendered":"<p>Lo anunci\u00f3 a trav\u00e9s de sus redes sociales. En menos de 30 partidos jugados con&#8230;<\/p>\n","protected":false},"author":1,"featured_media":0,"comment_status":"open","ping_status":"open","sticky":false,"template":"","format":"standard","meta":{"footnotes":"","_members_access_role":[],"_members_access_error":""},"categories":[6],"tags":[],"class_list":["post-71406","post","type-post","status-publish","format-standard","has-post-thumbnail","hentry","category-deportes"],"_links":{"self":[{"href":"https:\/\/masquenoticiastucuman.com.ar\/index.php?rest_route=\/wp\/v2\/posts\/71406","targetHints":{"allow":["GET"]}}],"collection":[{"href":"https:\/\/masquenoticiastucuman.com.ar\/index.php?rest_route=\/wp\/v2\/posts"}],"about":[{"href":"https:\/\/masquenoticiastucuman.com.ar\/index.php?rest_route=\/wp\/v2\/types\/post"}],"author":[{"embeddable":true,"href":"https:\/\/masquenoticiastucuman.com.ar\/index.php?rest_route=\/wp\/v2\/users\/1"}],"replies":[{"embeddable":true,"href":"https:\/\/masquenoticiastucuman.com.ar\/index.php?rest_route=%2Fwp%2Fv2%2Fcomments&post=71406"}],"version-history":[{"count":0,"href":"https:\/\/masquenoticiastucuman.com.ar\/index.php?rest_route=\/wp\/v2\/posts\/71406\/revisions"}],"wp:attachment":[{"href":"https:\/\/masquenoticiastucuman.com.ar\/index.php?rest_route=%2Fwp%2Fv2%2Fmedia&parent=71406"}],"wp:term":[{"taxonomy":"category","embeddable":true,"href":"https:\/\/masquenoticiastucuman.com.ar\/index.php?rest_route=%2Fwp%2Fv2%2Fcategories&post=71406"},{"taxonomy":"post_tag","embeddable":true,"href":"https:\/\/masquenoticiastucuman.com.ar\/index.php?rest_route=%2Fwp%2Fv2%2Ftags&post=71406"}],"curies":[{"name":"wp","href":"https:\/\/api.w.org\/{rel}","templated":true}]}}