{"id":71407,"date":"2026-09-03T17:02:00","date_gmt":"2026-09-03T20:02:00","guid":{"rendered":"http:\/\/masquenoticiastucuman.com.ar\/?p=71407"},"modified":"2026-09-03T17:02:00","modified_gmt":"2026-09-03T20:02:00","slug":"filtran-mas-detalles-del-nuevo-iphone-seria-plegable-y-el-mas-caro-de-la-historia","status":"publish","type":"post","link":"https:\/\/masquenoticiastucuman.com.ar\/?p=71407","title":{"rendered":"Filtran m\u00e1s detalles del nuevo iPhone: ser\u00eda plegable y el m\u00e1s caro de la historia"},"content":{"rendered":"<p>Con una pantalla flexible superior a las 7 pulgadas , el esperado dispositivo busca marcar tendencia en innovaci\u00f3n m\u00f3vil avanzada<\/p>\n<p>                                                                <!-- Begin comScore Tag --><\/p>\n<p>                                    <img decoding=\"async\" src=\"https:\/\/sb.scorecardresearch.com\/p?c1=2&amp;c2=16597048&amp;cv=3.6.0&amp;cj=1\" \/><\/p>\n<p>                                <!-- End comScore Tag --><\/p>\n<p>                            \u200bCon una pantalla flexible superior a las 7 pulgadas , el esperado dispositivo busca marcar tendencia en innovaci\u00f3n m\u00f3vil avanzada\u00a0<a href=\"https:\/\/www.iprofesional.com\/tecnologia\/463723-filtran-mas-detalles-del-nuevo-iphone-seria-plegable-y-el-mas-caro-de-la-historia\" target=\"_blank\" class=\"feedzy-rss-link-icon\">Read More<\/a><\/p>","protected":false},"excerpt":{"rendered":"<p>Con una pantalla flexible superior a las 7 pulgadas , el esperado dispositivo busca marcar&#8230;<\/p>\n","protected":false},"author":1,"featured_media":0,"comment_status":"open","ping_status":"open","sticky":false,"template":"","format":"standard","meta":{"footnotes":"","_members_access_role":[],"_members_access_error":""},"categories":[8],"tags":[],"class_list":["post-71407","post","type-post","status-publish","format-standard","has-post-thumbnail","hentry","category-tecnologia"],"_links":{"self":[{"href":"https:\/\/masquenoticiastucuman.com.ar\/index.php?rest_route=\/wp\/v2\/posts\/71407","targetHints":{"allow":["GET"]}}],"collection":[{"href":"https:\/\/masquenoticiastucuman.com.ar\/index.php?rest_route=\/wp\/v2\/posts"}],"about":[{"href":"https:\/\/masquenoticiastucuman.com.ar\/index.php?rest_route=\/wp\/v2\/types\/post"}],"author":[{"embeddable":true,"href":"https:\/\/masquenoticiastucuman.com.ar\/index.php?rest_route=\/wp\/v2\/users\/1"}],"replies":[{"embeddable":true,"href":"https:\/\/masquenoticiastucuman.com.ar\/index.php?rest_route=%2Fwp%2Fv2%2Fcomments&post=71407"}],"version-history":[{"count":0,"href":"https:\/\/masquenoticiastucuman.com.ar\/index.php?rest_route=\/wp\/v2\/posts\/71407\/revisions"}],"wp:attachment":[{"href":"https:\/\/masquenoticiastucuman.com.ar\/index.php?rest_route=%2Fwp%2Fv2%2Fmedia&parent=71407"}],"wp:term":[{"taxonomy":"category","embeddable":true,"href":"https:\/\/masquenoticiastucuman.com.ar\/index.php?rest_route=%2Fwp%2Fv2%2Fcategories&post=71407"},{"taxonomy":"post_tag","embeddable":true,"href":"https:\/\/masquenoticiastucuman.com.ar\/index.php?rest_route=%2Fwp%2Fv2%2Ftags&post=71407"}],"curies":[{"name":"wp","href":"https:\/\/api.w.org\/{rel}","templated":true}]}}