{"id":71408,"date":"2026-09-03T19:47:31","date_gmt":"2026-09-03T22:47:31","guid":{"rendered":"http:\/\/masquenoticiastucuman.com.ar\/?p=71408"},"modified":"2026-09-03T19:47:31","modified_gmt":"2026-09-03T22:47:31","slug":"la-insercion-internacional-y-las-inversiones-seran-los-ejes-de-una-conferencia-de-comercio-exterior","status":"publish","type":"post","link":"https:\/\/masquenoticiastucuman.com.ar\/?p=71408","title":{"rendered":"La inserci\u00f3n internacional y las inversiones ser\u00e1n los ejes de una  conferencia de comercio exterior"},"content":{"rendered":"<ul>\n<li>La C\u00e1mara de Sociedades realizar\u00e1 el 16 de septiembre una jornada de actualizaci\u00f3n profesional sobre comercio exterior.<\/li>\n<li>El programa incluye temas aduaneros, cambiarios y operativos, adem\u00e1s del acuerdo entre el Mercosur y la Uni\u00f3n Europea.<\/li>\n<\/ul>\n<p>\u200bLa C\u00e1mara de Sociedades realizar\u00e1 el 16 de septiembre una jornada de actualizaci\u00f3n profesional sobre comercio exterior.El programa incluye temas aduaneros, cambiarios y operativos, adem\u00e1s del acuerdo entre el Mercosur y la Uni\u00f3n Europea.\u00a0<a href=\"https:\/\/www.clarin.com\/economia\/insercion-internacional-inversiones-ejes-conferencia-comercio-exterior_0_O4XtZ2EMyY.html\" target=\"_blank\" class=\"feedzy-rss-link-icon\">Read More<\/a><\/p>","protected":false},"excerpt":{"rendered":"<p>La C\u00e1mara de Sociedades realizar\u00e1 el 16 de septiembre una jornada de actualizaci\u00f3n profesional sobre&#8230;<\/p>\n","protected":false},"author":1,"featured_media":0,"comment_status":"open","ping_status":"open","sticky":false,"template":"","format":"standard","meta":{"footnotes":"","_members_access_role":[],"_members_access_error":""},"categories":[3],"tags":[],"class_list":["post-71408","post","type-post","status-publish","format-standard","has-post-thumbnail","hentry","category-nacionales"],"_links":{"self":[{"href":"https:\/\/masquenoticiastucuman.com.ar\/index.php?rest_route=\/wp\/v2\/posts\/71408","targetHints":{"allow":["GET"]}}],"collection":[{"href":"https:\/\/masquenoticiastucuman.com.ar\/index.php?rest_route=\/wp\/v2\/posts"}],"about":[{"href":"https:\/\/masquenoticiastucuman.com.ar\/index.php?rest_route=\/wp\/v2\/types\/post"}],"author":[{"embeddable":true,"href":"https:\/\/masquenoticiastucuman.com.ar\/index.php?rest_route=\/wp\/v2\/users\/1"}],"replies":[{"embeddable":true,"href":"https:\/\/masquenoticiastucuman.com.ar\/index.php?rest_route=%2Fwp%2Fv2%2Fcomments&post=71408"}],"version-history":[{"count":0,"href":"https:\/\/masquenoticiastucuman.com.ar\/index.php?rest_route=\/wp\/v2\/posts\/71408\/revisions"}],"wp:attachment":[{"href":"https:\/\/masquenoticiastucuman.com.ar\/index.php?rest_route=%2Fwp%2Fv2%2Fmedia&parent=71408"}],"wp:term":[{"taxonomy":"category","embeddable":true,"href":"https:\/\/masquenoticiastucuman.com.ar\/index.php?rest_route=%2Fwp%2Fv2%2Fcategories&post=71408"},{"taxonomy":"post_tag","embeddable":true,"href":"https:\/\/masquenoticiastucuman.com.ar\/index.php?rest_route=%2Fwp%2Fv2%2Ftags&post=71408"}],"curies":[{"name":"wp","href":"https:\/\/api.w.org\/{rel}","templated":true}]}}