{"id":71409,"date":"2026-09-03T18:11:43","date_gmt":"2026-09-03T21:11:43","guid":{"rendered":"http:\/\/masquenoticiastucuman.com.ar\/?p=71409"},"modified":"2026-09-03T18:11:43","modified_gmt":"2026-09-03T21:11:43","slug":"ola-de-despidos-en-granja-tres-arroyos-en-dos-dias-desvinculo-a-1-000-trabajadores","status":"publish","type":"post","link":"https:\/\/masquenoticiastucuman.com.ar\/?p=71409","title":{"rendered":"Ola de despidos en Granja Tres Arroyos: en dos d\u00edas, desvincul\u00f3 a 1.000 trabajadores"},"content":{"rendered":"<ul>\n<li>La empresa envi\u00f3 telegramas a trabajadores de las plantas de Capit\u00e1n Sarmiento, Esteban Echeverr\u00eda y Pilar.<\/li>\n<li>Ma\u00f1ana habr\u00e1 una audiencia en el Ministerio de Trabajo bonaerense.<\/li>\n<\/ul>\n<p>\u200bLa empresa envi\u00f3 telegramas a trabajadores de las plantas de Capit\u00e1n Sarmiento, Esteban Echeverr\u00eda y Pilar.Ma\u00f1ana habr\u00e1 una audiencia en el Ministerio de Trabajo bonaerense.\u00a0<a href=\"https:\/\/www.clarin.com\/rural\/ola-despidos-granja-arroyos-dias-desvinculo-1000-trabajadores_0_kvGU5gPVNk.html\" target=\"_blank\" class=\"feedzy-rss-link-icon\">Read More<\/a><\/p>","protected":false},"excerpt":{"rendered":"<p>La empresa envi\u00f3 telegramas a trabajadores de las plantas de Capit\u00e1n Sarmiento, Esteban Echeverr\u00eda y&#8230;<\/p>\n","protected":false},"author":1,"featured_media":0,"comment_status":"open","ping_status":"open","sticky":false,"template":"","format":"standard","meta":{"footnotes":"","_members_access_role":[],"_members_access_error":""},"categories":[3],"tags":[],"class_list":["post-71409","post","type-post","status-publish","format-standard","has-post-thumbnail","hentry","category-nacionales"],"_links":{"self":[{"href":"https:\/\/masquenoticiastucuman.com.ar\/index.php?rest_route=\/wp\/v2\/posts\/71409","targetHints":{"allow":["GET"]}}],"collection":[{"href":"https:\/\/masquenoticiastucuman.com.ar\/index.php?rest_route=\/wp\/v2\/posts"}],"about":[{"href":"https:\/\/masquenoticiastucuman.com.ar\/index.php?rest_route=\/wp\/v2\/types\/post"}],"author":[{"embeddable":true,"href":"https:\/\/masquenoticiastucuman.com.ar\/index.php?rest_route=\/wp\/v2\/users\/1"}],"replies":[{"embeddable":true,"href":"https:\/\/masquenoticiastucuman.com.ar\/index.php?rest_route=%2Fwp%2Fv2%2Fcomments&post=71409"}],"version-history":[{"count":0,"href":"https:\/\/masquenoticiastucuman.com.ar\/index.php?rest_route=\/wp\/v2\/posts\/71409\/revisions"}],"wp:attachment":[{"href":"https:\/\/masquenoticiastucuman.com.ar\/index.php?rest_route=%2Fwp%2Fv2%2Fmedia&parent=71409"}],"wp:term":[{"taxonomy":"category","embeddable":true,"href":"https:\/\/masquenoticiastucuman.com.ar\/index.php?rest_route=%2Fwp%2Fv2%2Fcategories&post=71409"},{"taxonomy":"post_tag","embeddable":true,"href":"https:\/\/masquenoticiastucuman.com.ar\/index.php?rest_route=%2Fwp%2Fv2%2Ftags&post=71409"}],"curies":[{"name":"wp","href":"https:\/\/api.w.org\/{rel}","templated":true}]}}