{"id":71410,"date":"2026-09-03T19:21:55","date_gmt":"2026-09-03T22:21:55","guid":{"rendered":"http:\/\/masquenoticiastucuman.com.ar\/?p=71410"},"modified":"2026-09-03T19:21:55","modified_gmt":"2026-09-03T22:21:55","slug":"estados-unidos-donald-trump-propone-quitar-beneficios-impositivos-a-las-escuelas-privadas-que-brindan-ayuda-en-funcion-de-la-raza","status":"publish","type":"post","link":"https:\/\/masquenoticiastucuman.com.ar\/?p=71410","title":{"rendered":"Estados Unidos: Donald Trump propone quitar beneficios impositivos a las escuelas privadas que brindan ayuda en funci\u00f3n de la raza"},"content":{"rendered":"<ul>\n<li>Se trata del intento m\u00e1s reciente del gobierno por presionar a escuelas y universidades para que eliminen las pol\u00edticas de diversidad, equidad e inclusi\u00f3n<\/li>\n<li>El Departamento del Tesoro y la oficina de rentas internas calculan que hasta 18.000 escuelas privadas, universidades y otras instituciones educativas podr\u00edan verse afectadas por la propuesta.<\/li>\n<\/ul>\n<p>\u200bSe trata del intento m\u00e1s reciente del gobierno por presionar a escuelas y universidades para que eliminen las pol\u00edticas de diversidad, equidad e inclusi\u00f3nEl Departamento del Tesoro y la oficina de rentas internas calculan que hasta 18.000 escuelas privadas, universidades y otras instituciones educativas podr\u00edan verse afectadas por la propuesta.\u00a0<a href=\"https:\/\/www.clarin.com\/mundo\/estados-unidos-donald-trump-propone-quitar-beneficios-impositivos-escuelas-privadas-brindan-ayuda-funcion-raza_0_c7sMEY21jK.html\" target=\"_blank\" class=\"feedzy-rss-link-icon\">Read More<\/a><\/p>","protected":false},"excerpt":{"rendered":"<p>Se trata del intento m\u00e1s reciente del gobierno por presionar a escuelas y universidades para&#8230;<\/p>\n","protected":false},"author":1,"featured_media":71411,"comment_status":"open","ping_status":"open","sticky":false,"template":"","format":"standard","meta":{"footnotes":"","_members_access_role":[],"_members_access_error":""},"categories":[4],"tags":[],"class_list":["post-71410","post","type-post","status-publish","format-standard","has-post-thumbnail","hentry","category-internacionales"],"_links":{"self":[{"href":"https:\/\/masquenoticiastucuman.com.ar\/index.php?rest_route=\/wp\/v2\/posts\/71410","targetHints":{"allow":["GET"]}}],"collection":[{"href":"https:\/\/masquenoticiastucuman.com.ar\/index.php?rest_route=\/wp\/v2\/posts"}],"about":[{"href":"https:\/\/masquenoticiastucuman.com.ar\/index.php?rest_route=\/wp\/v2\/types\/post"}],"author":[{"embeddable":true,"href":"https:\/\/masquenoticiastucuman.com.ar\/index.php?rest_route=\/wp\/v2\/users\/1"}],"replies":[{"embeddable":true,"href":"https:\/\/masquenoticiastucuman.com.ar\/index.php?rest_route=%2Fwp%2Fv2%2Fcomments&post=71410"}],"version-history":[{"count":0,"href":"https:\/\/masquenoticiastucuman.com.ar\/index.php?rest_route=\/wp\/v2\/posts\/71410\/revisions"}],"wp:featuredmedia":[{"embeddable":true,"href":"https:\/\/masquenoticiastucuman.com.ar\/index.php?rest_route=\/wp\/v2\/media\/71411"}],"wp:attachment":[{"href":"https:\/\/masquenoticiastucuman.com.ar\/index.php?rest_route=%2Fwp%2Fv2%2Fmedia&parent=71410"}],"wp:term":[{"taxonomy":"category","embeddable":true,"href":"https:\/\/masquenoticiastucuman.com.ar\/index.php?rest_route=%2Fwp%2Fv2%2Fcategories&post=71410"},{"taxonomy":"post_tag","embeddable":true,"href":"https:\/\/masquenoticiastucuman.com.ar\/index.php?rest_route=%2Fwp%2Fv2%2Ftags&post=71410"}],"curies":[{"name":"wp","href":"https:\/\/api.w.org\/{rel}","templated":true}]}}