{"id":71413,"date":"2026-09-03T20:22:54","date_gmt":"2026-09-03T23:22:54","guid":{"rendered":"http:\/\/masquenoticiastucuman.com.ar\/?p=71413"},"modified":"2026-09-03T20:22:54","modified_gmt":"2026-09-03T23:22:54","slug":"los-pumas-con-cuatro-cambios-para-la-revancha-en-mendoza-ante-los-wallabies-otros-dos-posibles-debuts-entre-los-suplentes","status":"publish","type":"post","link":"https:\/\/masquenoticiastucuman.com.ar\/?p=71413","title":{"rendered":"Los Pumas, con cuatro cambios para la revancha en Mendoza ante los Wallabies: otros dos posibles debuts entre los suplentes"},"content":{"rendered":"<ul>\n<li>Petti jugar\u00e1 en la tercera l\u00ednea y Santiago Carreras no ser\u00e1 el apertura y se ubicar\u00e1 de fullback.<\/li>\n<li>No estar\u00e1 Moroni, tras una seria lesi\u00f3n en rostro durante el \u00faltimo partido.<\/li>\n<li>Juegan el s\u00e1bado a las 18 con televisaci\u00f3n de ESPN. <\/li>\n<\/ul>\n<p>\u200bPetti jugar\u00e1 en la tercera l\u00ednea y Santiago Carreras no ser\u00e1 el apertura y se ubicar\u00e1 de fullback.No estar\u00e1 Moroni, tras una seria lesi\u00f3n en rostro durante el \u00faltimo partido.Juegan el s\u00e1bado a las 18 con televisaci\u00f3n de ESPN.\u00a0<a href=\"https:\/\/www.clarin.com\/deportes\/pumas-cambios-revancha-mendoza-wallabies-posibles-debuts-suplentes_0_BeXAtDQxkR.html\" target=\"_blank\" class=\"feedzy-rss-link-icon\">Read More<\/a><\/p>","protected":false},"excerpt":{"rendered":"<p>Petti jugar\u00e1 en la tercera l\u00ednea y Santiago Carreras no ser\u00e1 el apertura y se&#8230;<\/p>\n","protected":false},"author":1,"featured_media":0,"comment_status":"open","ping_status":"open","sticky":false,"template":"","format":"standard","meta":{"footnotes":"","_members_access_role":[],"_members_access_error":""},"categories":[6],"tags":[],"class_list":["post-71413","post","type-post","status-publish","format-standard","has-post-thumbnail","hentry","category-deportes"],"_links":{"self":[{"href":"https:\/\/masquenoticiastucuman.com.ar\/index.php?rest_route=\/wp\/v2\/posts\/71413","targetHints":{"allow":["GET"]}}],"collection":[{"href":"https:\/\/masquenoticiastucuman.com.ar\/index.php?rest_route=\/wp\/v2\/posts"}],"about":[{"href":"https:\/\/masquenoticiastucuman.com.ar\/index.php?rest_route=\/wp\/v2\/types\/post"}],"author":[{"embeddable":true,"href":"https:\/\/masquenoticiastucuman.com.ar\/index.php?rest_route=\/wp\/v2\/users\/1"}],"replies":[{"embeddable":true,"href":"https:\/\/masquenoticiastucuman.com.ar\/index.php?rest_route=%2Fwp%2Fv2%2Fcomments&post=71413"}],"version-history":[{"count":0,"href":"https:\/\/masquenoticiastucuman.com.ar\/index.php?rest_route=\/wp\/v2\/posts\/71413\/revisions"}],"wp:attachment":[{"href":"https:\/\/masquenoticiastucuman.com.ar\/index.php?rest_route=%2Fwp%2Fv2%2Fmedia&parent=71413"}],"wp:term":[{"taxonomy":"category","embeddable":true,"href":"https:\/\/masquenoticiastucuman.com.ar\/index.php?rest_route=%2Fwp%2Fv2%2Fcategories&post=71413"},{"taxonomy":"post_tag","embeddable":true,"href":"https:\/\/masquenoticiastucuman.com.ar\/index.php?rest_route=%2Fwp%2Fv2%2Ftags&post=71413"}],"curies":[{"name":"wp","href":"https:\/\/api.w.org\/{rel}","templated":true}]}}