{"id":71415,"date":"2026-09-03T21:36:02","date_gmt":"2026-09-04T00:36:02","guid":{"rendered":"http:\/\/masquenoticiastucuman.com.ar\/?p=71415"},"modified":"2026-09-03T21:36:02","modified_gmt":"2026-09-04T00:36:02","slug":"santiago-bausili-no-fijamos-las-tasas-suben-o-bajan-por-expectativas","status":"publish","type":"post","link":"https:\/\/masquenoticiastucuman.com.ar\/?p=71415","title":{"rendered":"Santiago Bausili: &#8220;No fijamos las tasas, suben o bajan por expectativas&#8221;"},"content":{"rendered":"<ul>\n<li>El titular del Banco Central dijo el mercado va a dictar las condiciones.<\/li>\n<li>Dijo que se quebr\u00f3 un punto de inflexi\u00f3n con la mora.<\/li>\n<li>Y que hoy el BCRA podr\u00eda emitir deuda con el oro como garant\u00eda.<\/li>\n<\/ul>\n<p>\u200bEl titular del Banco Central dijo el mercado va a dictar las condiciones.Dijo que se quebr\u00f3 un punto de inflexi\u00f3n con la mora.Y que hoy el BCRA podr\u00eda emitir deuda con el oro como garant\u00eda.\u00a0<a href=\"https:\/\/www.clarin.com\/economia\/santiago-bausili-puede-pasar-credito-restrinja-riesgo-electoral-ano-proximo_0_nk5wZ3uPO2.html\" target=\"_blank\" class=\"feedzy-rss-link-icon\">Read More<\/a><\/p>","protected":false},"excerpt":{"rendered":"<p>El titular del Banco Central dijo el mercado va a dictar las condiciones. Dijo que&#8230;<\/p>\n","protected":false},"author":1,"featured_media":0,"comment_status":"open","ping_status":"open","sticky":false,"template":"","format":"standard","meta":{"footnotes":"","_members_access_role":[],"_members_access_error":""},"categories":[3],"tags":[],"class_list":["post-71415","post","type-post","status-publish","format-standard","has-post-thumbnail","hentry","category-nacionales"],"_links":{"self":[{"href":"https:\/\/masquenoticiastucuman.com.ar\/index.php?rest_route=\/wp\/v2\/posts\/71415","targetHints":{"allow":["GET"]}}],"collection":[{"href":"https:\/\/masquenoticiastucuman.com.ar\/index.php?rest_route=\/wp\/v2\/posts"}],"about":[{"href":"https:\/\/masquenoticiastucuman.com.ar\/index.php?rest_route=\/wp\/v2\/types\/post"}],"author":[{"embeddable":true,"href":"https:\/\/masquenoticiastucuman.com.ar\/index.php?rest_route=\/wp\/v2\/users\/1"}],"replies":[{"embeddable":true,"href":"https:\/\/masquenoticiastucuman.com.ar\/index.php?rest_route=%2Fwp%2Fv2%2Fcomments&post=71415"}],"version-history":[{"count":0,"href":"https:\/\/masquenoticiastucuman.com.ar\/index.php?rest_route=\/wp\/v2\/posts\/71415\/revisions"}],"wp:attachment":[{"href":"https:\/\/masquenoticiastucuman.com.ar\/index.php?rest_route=%2Fwp%2Fv2%2Fmedia&parent=71415"}],"wp:term":[{"taxonomy":"category","embeddable":true,"href":"https:\/\/masquenoticiastucuman.com.ar\/index.php?rest_route=%2Fwp%2Fv2%2Fcategories&post=71415"},{"taxonomy":"post_tag","embeddable":true,"href":"https:\/\/masquenoticiastucuman.com.ar\/index.php?rest_route=%2Fwp%2Fv2%2Ftags&post=71415"}],"curies":[{"name":"wp","href":"https:\/\/api.w.org\/{rel}","templated":true}]}}