{"id":71416,"date":"2026-09-03T20:37:09","date_gmt":"2026-09-03T23:37:09","guid":{"rendered":"http:\/\/masquenoticiastucuman.com.ar\/?p=71416"},"modified":"2026-09-03T20:37:09","modified_gmt":"2026-09-03T23:37:09","slug":"la-formula-1-en-argentina-el-sueno-que-ilusiona-a-colapinto-seria-algo-muy-emocionante-para-mi","status":"publish","type":"post","link":"https:\/\/masquenoticiastucuman.com.ar\/?p=71416","title":{"rendered":"La F\u00f3rmula 1 en Argentina, el sue\u00f1o que ilusiona a Colapinto: \u201cSer\u00eda algo muy emocionante para m\u00ed\u201d"},"content":{"rendered":"<ul>\n<li>Mohammed Ben Sulayem, presidente de la FIA, respald\u00f3 en Buenos Aires la candidatura, aunque advirti\u00f3 que 2027 ser\u00eda \u201cun poco temprano\u201d y habl\u00f3 de 2029\/2030. <\/li>\n<li>Desde Monza, el piloto de Alpine celebr\u00f3 el proyecto y cont\u00f3 su deseo de correr ante su p\u00fablico.<\/li>\n<\/ul>\n<p>\u200bMohammed Ben Sulayem, presidente de la FIA, respald\u00f3 en Buenos Aires la candidatura, aunque advirti\u00f3 que 2027 ser\u00eda \u201cun poco temprano\u201d y habl\u00f3 de 2029\/2030. Desde Monza, el piloto de Alpine celebr\u00f3 el proyecto y cont\u00f3 su deseo de correr ante su p\u00fablico.\u00a0<a href=\"https:\/\/www.clarin.com\/deportes\/formula-1-argentina-sueno-ilusiona-colapinto-emocionante_0_f2DPi5me83.html\" target=\"_blank\" class=\"feedzy-rss-link-icon\">Read More<\/a><\/p>","protected":false},"excerpt":{"rendered":"<p>Mohammed Ben Sulayem, presidente de la FIA, respald\u00f3 en Buenos Aires la candidatura, aunque advirti\u00f3&#8230;<\/p>\n","protected":false},"author":1,"featured_media":0,"comment_status":"open","ping_status":"open","sticky":false,"template":"","format":"standard","meta":{"footnotes":"","_members_access_role":[],"_members_access_error":""},"categories":[6],"tags":[],"class_list":["post-71416","post","type-post","status-publish","format-standard","has-post-thumbnail","hentry","category-deportes"],"_links":{"self":[{"href":"https:\/\/masquenoticiastucuman.com.ar\/index.php?rest_route=\/wp\/v2\/posts\/71416","targetHints":{"allow":["GET"]}}],"collection":[{"href":"https:\/\/masquenoticiastucuman.com.ar\/index.php?rest_route=\/wp\/v2\/posts"}],"about":[{"href":"https:\/\/masquenoticiastucuman.com.ar\/index.php?rest_route=\/wp\/v2\/types\/post"}],"author":[{"embeddable":true,"href":"https:\/\/masquenoticiastucuman.com.ar\/index.php?rest_route=\/wp\/v2\/users\/1"}],"replies":[{"embeddable":true,"href":"https:\/\/masquenoticiastucuman.com.ar\/index.php?rest_route=%2Fwp%2Fv2%2Fcomments&post=71416"}],"version-history":[{"count":0,"href":"https:\/\/masquenoticiastucuman.com.ar\/index.php?rest_route=\/wp\/v2\/posts\/71416\/revisions"}],"wp:attachment":[{"href":"https:\/\/masquenoticiastucuman.com.ar\/index.php?rest_route=%2Fwp%2Fv2%2Fmedia&parent=71416"}],"wp:term":[{"taxonomy":"category","embeddable":true,"href":"https:\/\/masquenoticiastucuman.com.ar\/index.php?rest_route=%2Fwp%2Fv2%2Fcategories&post=71416"},{"taxonomy":"post_tag","embeddable":true,"href":"https:\/\/masquenoticiastucuman.com.ar\/index.php?rest_route=%2Fwp%2Fv2%2Ftags&post=71416"}],"curies":[{"name":"wp","href":"https:\/\/api.w.org\/{rel}","templated":true}]}}