{"id":71419,"date":"2026-09-04T04:19:15","date_gmt":"2026-09-04T07:19:15","guid":{"rendered":"http:\/\/masquenoticiastucuman.com.ar\/?p=71419"},"modified":"2026-09-04T04:19:15","modified_gmt":"2026-09-04T07:19:15","slug":"milagro-en-nepal-rescatan-a-dos-trabajadores-tras-10-dias-atrapados-y-buscan-a-mas-sobrevivientes","status":"publish","type":"post","link":"https:\/\/masquenoticiastucuman.com.ar\/?p=71419","title":{"rendered":"Milagro en Nepal: rescatan a dos trabajadores tras 10 d\u00edas atrapados y buscan a m\u00e1s sobrevivientes"},"content":{"rendered":"<ul>\n<li>Fueron localizados a unos 170 metros del ingreso a un complejo hidroel\u00e9ctrico afectado por las riadas que golpearon el pa\u00eds asi\u00e1tico el 26 de agosto. <\/li>\n<li>Los rescatistas lograron establecer contacto con personas en el interior y ejecutaban tareas en el conducto, donde inicialmente se report\u00f3 que hab\u00edan quedado atrapados 42 empleados.<\/li>\n<\/ul>\n<p>\u200bFueron localizados a unos 170 metros del ingreso a un complejo hidroel\u00e9ctrico afectado por las riadas que golpearon el pa\u00eds asi\u00e1tico el 26 de agosto. Los rescatistas lograron establecer contacto con personas en el interior y ejecutaban tareas en el conducto, donde inicialmente se report\u00f3 que hab\u00edan quedado atrapados 42 empleados.\u00a0<a href=\"https:\/\/www.clarin.com\/mundo\/milagro-nepal-rescatan-trabajadores-10-dias-atrapados-buscan-sobrevivientes_0_sRZTDPOynV.html\" target=\"_blank\" class=\"feedzy-rss-link-icon\">Read More<\/a><\/p>","protected":false},"excerpt":{"rendered":"<p>Fueron localizados a unos 170 metros del ingreso a un complejo hidroel\u00e9ctrico afectado por las&#8230;<\/p>\n","protected":false},"author":1,"featured_media":71420,"comment_status":"open","ping_status":"open","sticky":false,"template":"","format":"standard","meta":{"footnotes":"","_members_access_role":[],"_members_access_error":""},"categories":[4],"tags":[],"class_list":["post-71419","post","type-post","status-publish","format-standard","has-post-thumbnail","hentry","category-internacionales"],"_links":{"self":[{"href":"https:\/\/masquenoticiastucuman.com.ar\/index.php?rest_route=\/wp\/v2\/posts\/71419","targetHints":{"allow":["GET"]}}],"collection":[{"href":"https:\/\/masquenoticiastucuman.com.ar\/index.php?rest_route=\/wp\/v2\/posts"}],"about":[{"href":"https:\/\/masquenoticiastucuman.com.ar\/index.php?rest_route=\/wp\/v2\/types\/post"}],"author":[{"embeddable":true,"href":"https:\/\/masquenoticiastucuman.com.ar\/index.php?rest_route=\/wp\/v2\/users\/1"}],"replies":[{"embeddable":true,"href":"https:\/\/masquenoticiastucuman.com.ar\/index.php?rest_route=%2Fwp%2Fv2%2Fcomments&post=71419"}],"version-history":[{"count":0,"href":"https:\/\/masquenoticiastucuman.com.ar\/index.php?rest_route=\/wp\/v2\/posts\/71419\/revisions"}],"wp:featuredmedia":[{"embeddable":true,"href":"https:\/\/masquenoticiastucuman.com.ar\/index.php?rest_route=\/wp\/v2\/media\/71420"}],"wp:attachment":[{"href":"https:\/\/masquenoticiastucuman.com.ar\/index.php?rest_route=%2Fwp%2Fv2%2Fmedia&parent=71419"}],"wp:term":[{"taxonomy":"category","embeddable":true,"href":"https:\/\/masquenoticiastucuman.com.ar\/index.php?rest_route=%2Fwp%2Fv2%2Fcategories&post=71419"},{"taxonomy":"post_tag","embeddable":true,"href":"https:\/\/masquenoticiastucuman.com.ar\/index.php?rest_route=%2Fwp%2Fv2%2Ftags&post=71419"}],"curies":[{"name":"wp","href":"https:\/\/api.w.org\/{rel}","templated":true}]}}