{"id":71421,"date":"2026-09-04T06:00:08","date_gmt":"2026-09-04T09:00:08","guid":{"rendered":"http:\/\/masquenoticiastucuman.com.ar\/?p=71421"},"modified":"2026-09-04T06:00:08","modified_gmt":"2026-09-04T09:00:08","slug":"de-franco-colapinto-a-ethan-hawke-el-hotel-de-los-catena-en-recoleta-que-es-elegido-por-las-estrellas","status":"publish","type":"post","link":"https:\/\/masquenoticiastucuman.com.ar\/?p=71421","title":{"rendered":"De Franco Colapinto a Ethan Hawke: el hotel de los Catena en Recoleta que es elegido por las estrellas"},"content":{"rendered":"<ul>\n<li>A metros de la avenida Alvear, c\u00f3mo es el hotel boutique de la familia detr\u00e1s de la bodega Catena Zapata.<\/li>\n<li>Habitaciones \u00fanicas, ba\u00f1eras talladas en un solo tronco y una cava de casi 300 vinos argentinos.<\/li>\n<\/ul>\n<p>\u200bA metros de la avenida Alvear, c\u00f3mo es el hotel boutique de la familia detr\u00e1s de la bodega Catena Zapata.Habitaciones \u00fanicas, ba\u00f1eras talladas en un solo tronco y una cava de casi 300 vinos argentinos.\u00a0<a href=\"https:\/\/www.clarin.com\/viajes\/franco-colapinto-ethan-hawke-hotel-catena-recoleta-elegido-estrellas_0_1ugd4ZgPd5.html\" target=\"_blank\" class=\"feedzy-rss-link-icon\">Read More<\/a><\/p>","protected":false},"excerpt":{"rendered":"<p>A metros de la avenida Alvear, c\u00f3mo es el hotel boutique de la familia detr\u00e1s&#8230;<\/p>\n","protected":false},"author":1,"featured_media":0,"comment_status":"open","ping_status":"open","sticky":false,"template":"","format":"standard","meta":{"footnotes":"","_members_access_role":[],"_members_access_error":""},"categories":[7],"tags":[],"class_list":["post-71421","post","type-post","status-publish","format-standard","has-post-thumbnail","hentry","category-turismo"],"_links":{"self":[{"href":"https:\/\/masquenoticiastucuman.com.ar\/index.php?rest_route=\/wp\/v2\/posts\/71421","targetHints":{"allow":["GET"]}}],"collection":[{"href":"https:\/\/masquenoticiastucuman.com.ar\/index.php?rest_route=\/wp\/v2\/posts"}],"about":[{"href":"https:\/\/masquenoticiastucuman.com.ar\/index.php?rest_route=\/wp\/v2\/types\/post"}],"author":[{"embeddable":true,"href":"https:\/\/masquenoticiastucuman.com.ar\/index.php?rest_route=\/wp\/v2\/users\/1"}],"replies":[{"embeddable":true,"href":"https:\/\/masquenoticiastucuman.com.ar\/index.php?rest_route=%2Fwp%2Fv2%2Fcomments&post=71421"}],"version-history":[{"count":0,"href":"https:\/\/masquenoticiastucuman.com.ar\/index.php?rest_route=\/wp\/v2\/posts\/71421\/revisions"}],"wp:attachment":[{"href":"https:\/\/masquenoticiastucuman.com.ar\/index.php?rest_route=%2Fwp%2Fv2%2Fmedia&parent=71421"}],"wp:term":[{"taxonomy":"category","embeddable":true,"href":"https:\/\/masquenoticiastucuman.com.ar\/index.php?rest_route=%2Fwp%2Fv2%2Fcategories&post=71421"},{"taxonomy":"post_tag","embeddable":true,"href":"https:\/\/masquenoticiastucuman.com.ar\/index.php?rest_route=%2Fwp%2Fv2%2Ftags&post=71421"}],"curies":[{"name":"wp","href":"https:\/\/api.w.org\/{rel}","templated":true}]}}