{"id":71423,"date":"2026-09-04T06:00:08","date_gmt":"2026-09-04T09:00:08","guid":{"rendered":"http:\/\/masquenoticiastucuman.com.ar\/?p=71423"},"modified":"2026-09-04T06:00:08","modified_gmt":"2026-09-04T09:00:08","slug":"el-futbolista-argentino-pourrain-despues-del-encierro-y-el-infierno-del-ice-trataba-de-ponerme-en-la-cabeza-tengo-que-ganar-como-si-fuese-un-partido","status":"publish","type":"post","link":"https:\/\/masquenoticiastucuman.com.ar\/?p=71423","title":{"rendered":"El futbolista argentino Pourrain, despu\u00e9s del encierro y el infierno del ICE: &#8220;Trataba de ponerme en la cabeza &#8216;tengo que ganar&#8217;, como si fuese un partido&#8221;"},"content":{"rendered":"<ul>\n<li>Estuvo 22 d\u00edas preso pese a que contaba con permiso de trabajo y tiene vigente la solicitud de residencia. <\/li>\n<li>Todav\u00eda no tiene sus documentos y circula con un permiso especial y un geolocalizador.<\/li>\n<li>Construy\u00f3 su carrera en clubes de Miami, donde conoci\u00f3 a su esposa y ech\u00f3 ra\u00edces.<\/li>\n<\/ul>\n<p>\u200bEstuvo 22 d\u00edas preso pese a que contaba con permiso de trabajo y tiene vigente la solicitud de residencia. Todav\u00eda no tiene sus documentos y circula con un permiso especial y un geolocalizador.Construy\u00f3 su carrera en clubes de Miami, donde conoci\u00f3 a su esposa y ech\u00f3 ra\u00edces.\u00a0<a href=\"https:\/\/www.clarin.com\/deportes\/futbolista-argentino-pourrain-despues-encierro-infierno-ice-trataba-ponerme-cabeza-ganar-partido_0_T1rD5y3WTN.html\" target=\"_blank\" class=\"feedzy-rss-link-icon\">Read More<\/a><\/p>","protected":false},"excerpt":{"rendered":"<p>Estuvo 22 d\u00edas preso pese a que contaba con permiso de trabajo y tiene vigente&#8230;<\/p>\n","protected":false},"author":1,"featured_media":0,"comment_status":"open","ping_status":"open","sticky":false,"template":"","format":"standard","meta":{"footnotes":"","_members_access_role":[],"_members_access_error":""},"categories":[6],"tags":[],"class_list":["post-71423","post","type-post","status-publish","format-standard","has-post-thumbnail","hentry","category-deportes"],"_links":{"self":[{"href":"https:\/\/masquenoticiastucuman.com.ar\/index.php?rest_route=\/wp\/v2\/posts\/71423","targetHints":{"allow":["GET"]}}],"collection":[{"href":"https:\/\/masquenoticiastucuman.com.ar\/index.php?rest_route=\/wp\/v2\/posts"}],"about":[{"href":"https:\/\/masquenoticiastucuman.com.ar\/index.php?rest_route=\/wp\/v2\/types\/post"}],"author":[{"embeddable":true,"href":"https:\/\/masquenoticiastucuman.com.ar\/index.php?rest_route=\/wp\/v2\/users\/1"}],"replies":[{"embeddable":true,"href":"https:\/\/masquenoticiastucuman.com.ar\/index.php?rest_route=%2Fwp%2Fv2%2Fcomments&post=71423"}],"version-history":[{"count":0,"href":"https:\/\/masquenoticiastucuman.com.ar\/index.php?rest_route=\/wp\/v2\/posts\/71423\/revisions"}],"wp:attachment":[{"href":"https:\/\/masquenoticiastucuman.com.ar\/index.php?rest_route=%2Fwp%2Fv2%2Fmedia&parent=71423"}],"wp:term":[{"taxonomy":"category","embeddable":true,"href":"https:\/\/masquenoticiastucuman.com.ar\/index.php?rest_route=%2Fwp%2Fv2%2Fcategories&post=71423"},{"taxonomy":"post_tag","embeddable":true,"href":"https:\/\/masquenoticiastucuman.com.ar\/index.php?rest_route=%2Fwp%2Fv2%2Ftags&post=71423"}],"curies":[{"name":"wp","href":"https:\/\/api.w.org\/{rel}","templated":true}]}}