{"id":71428,"date":"2026-09-04T06:00:08","date_gmt":"2026-09-04T09:00:08","guid":{"rendered":"http:\/\/masquenoticiastucuman.com.ar\/?p=71428"},"modified":"2026-09-04T06:00:08","modified_gmt":"2026-09-04T09:00:08","slug":"algunas-reflexiones-sobre-el-11-s-los-atentados-a-las-torres-gemelas","status":"publish","type":"post","link":"https:\/\/masquenoticiastucuman.com.ar\/?p=71428","title":{"rendered":"Algunas reflexiones sobre el 11-S, los atentados a las Torres Gemelas"},"content":{"rendered":"<p>Fue hace 25 a\u00f1os uno de los peores cr\u00edmenes terroristas de la historia y es vasto lo que resta averiguar sobre ese hecho. Pero tambi\u00e9n la historia deber\u00e1 poner en blanco sobre negro el oportunismo que se aprovech\u00f3 de esa tragedia y las razones reales de las guerras que dispar\u00f3. <\/p>\n<p>\u200bFue hace 25 a\u00f1os uno de los peores cr\u00edmenes terroristas de la historia y es vasto lo que resta averiguar sobre ese hecho. Pero tambi\u00e9n la historia deber\u00e1 poner en blanco sobre negro el oportunismo que se aprovech\u00f3 de esa tragedia y las razones reales de las guerras que dispar\u00f3.\u00a0<a href=\"https:\/\/www.clarin.com\/opinion\/reflexiones-11-s-atentados-torres-gemelas_0_15XH1lIrtn.html\" target=\"_blank\" class=\"feedzy-rss-link-icon\">Read More<\/a><\/p>","protected":false},"excerpt":{"rendered":"<p>Fue hace 25 a\u00f1os uno de los peores cr\u00edmenes terroristas de la historia y es&#8230;<\/p>\n","protected":false},"author":1,"featured_media":71429,"comment_status":"open","ping_status":"open","sticky":false,"template":"","format":"standard","meta":{"footnotes":"","_members_access_role":[],"_members_access_error":""},"categories":[4],"tags":[],"class_list":["post-71428","post","type-post","status-publish","format-standard","has-post-thumbnail","hentry","category-internacionales"],"_links":{"self":[{"href":"https:\/\/masquenoticiastucuman.com.ar\/index.php?rest_route=\/wp\/v2\/posts\/71428","targetHints":{"allow":["GET"]}}],"collection":[{"href":"https:\/\/masquenoticiastucuman.com.ar\/index.php?rest_route=\/wp\/v2\/posts"}],"about":[{"href":"https:\/\/masquenoticiastucuman.com.ar\/index.php?rest_route=\/wp\/v2\/types\/post"}],"author":[{"embeddable":true,"href":"https:\/\/masquenoticiastucuman.com.ar\/index.php?rest_route=\/wp\/v2\/users\/1"}],"replies":[{"embeddable":true,"href":"https:\/\/masquenoticiastucuman.com.ar\/index.php?rest_route=%2Fwp%2Fv2%2Fcomments&post=71428"}],"version-history":[{"count":0,"href":"https:\/\/masquenoticiastucuman.com.ar\/index.php?rest_route=\/wp\/v2\/posts\/71428\/revisions"}],"wp:featuredmedia":[{"embeddable":true,"href":"https:\/\/masquenoticiastucuman.com.ar\/index.php?rest_route=\/wp\/v2\/media\/71429"}],"wp:attachment":[{"href":"https:\/\/masquenoticiastucuman.com.ar\/index.php?rest_route=%2Fwp%2Fv2%2Fmedia&parent=71428"}],"wp:term":[{"taxonomy":"category","embeddable":true,"href":"https:\/\/masquenoticiastucuman.com.ar\/index.php?rest_route=%2Fwp%2Fv2%2Fcategories&post=71428"},{"taxonomy":"post_tag","embeddable":true,"href":"https:\/\/masquenoticiastucuman.com.ar\/index.php?rest_route=%2Fwp%2Fv2%2Ftags&post=71428"}],"curies":[{"name":"wp","href":"https:\/\/api.w.org\/{rel}","templated":true}]}}