{"id":71431,"date":"2026-09-04T09:18:06","date_gmt":"2026-09-04T12:18:06","guid":{"rendered":"https:\/\/masquenoticiastucuman.com.ar\/?p=71431"},"modified":"2026-09-04T09:18:06","modified_gmt":"2026-09-04T12:18:06","slug":"jaldo-participo-del-cierre-de-los-juegos-culturales-y-deportivos-interliceos","status":"publish","type":"post","link":"https:\/\/masquenoticiastucuman.com.ar\/?p=71431","title":{"rendered":"Jaldo particip\u00f3 del cierre de los Juegos Culturales y Deportivos Interliceos"},"content":{"rendered":"\n<p class=\"wp-block-paragraph\">El encuentro reuni\u00f3 durante la semana a estudiantes de instituciones militares y navales de distintas provincias.<\/p>\n\n\n\n<p class=\"wp-block-paragraph\">El gobernador<strong>&nbsp;Osvaldo Jaldo<\/strong>&nbsp;particip\u00f3 este jueves del acto de cierre y entrega de premios de los Juegos Culturales y Deportivos Interliceos, realizado en el Liceo Militar General Ar\u00e1oz de Lamadrid.<\/p>\n\n\n\n<p class=\"wp-block-paragraph\">El encuentro reuni\u00f3 durante la semana a estudiantes de instituciones militares y navales de distintas provincias. Jaldo destac\u00f3 la participaci\u00f3n de los j\u00f3venes y valor\u00f3 que hayan podido conocer San Miguel de Tucum\u00e1n y su patrimonio hist\u00f3rico.<\/p>\n\n\n\n<p class=\"wp-block-paragraph\"><strong>Una jornada de participaci\u00f3n y camarader\u00eda<\/strong><\/p>\n\n\n\n<p class=\"wp-block-paragraph\">\u201cLos chicos que llegaron desde otras provincias pudieron conocer nuestra ciudad y nuestra historia a trav\u00e9s de recorridos por la Casa Hist\u00f3rica\u201d, se\u00f1al\u00f3 Jaldo.<\/p>\n\n\n\n<p class=\"wp-block-paragraph\">El gobernador agradeci\u00f3 que Tucum\u00e1n haya sido elegida para desarrollar las jornadas interliceo y destac\u00f3 que las actividades se desarrollaron con normalidad.<\/p>\n\n\n\n<p class=\"wp-block-paragraph\">Tambi\u00e9n resalt\u00f3 el rol del Liceo Militar General Ar\u00e1oz de Lamadrid en la formaci\u00f3n integral de los estudiantes. \u201cEl liceo no solo educa y atiende las cuestiones pedag\u00f3gicas, sino que tambi\u00e9n inculca valores a nuestros chicos y j\u00f3venes\u201d, afirm\u00f3.<\/p>\n\n\n\n<p class=\"wp-block-paragraph\">En ese marco, Jaldo record\u00f3 el trabajo conjunto entre el Gobierno provincial y la instituci\u00f3n para garantizar el acceso al agua potable para sus estudiantes.<\/p>\n\n\n\n<p class=\"wp-block-paragraph\">\u201cHemos trabajado para que este liceo pueda contar con agua potable en cantidad y calidad, lo que marc\u00f3 un antes y un despu\u00e9s\u201d, expres\u00f3.<\/p>\n\n\n\n<p class=\"wp-block-paragraph\">El mandatario tambi\u00e9n puso el foco en el esp\u00edritu de camarader\u00eda del encuentro y relativiz\u00f3 la importancia de los resultados deportivos. \u201cLo importante ha sido la participaci\u00f3n, independientemente de qui\u00e9n se haya llevado el trofeo mayor\u201d, sostuvo.<\/p>\n\n\n\n<p class=\"wp-block-paragraph\"><strong>El acompa\u00f1amiento de la Municipalidad<\/strong><\/p>\n\n\n\n<p class=\"wp-block-paragraph\">Chahla, destac\u00f3 el acompa\u00f1amiento de la ciudad durante la llegada de las delegaciones. \u201cPudimos seguir de cerca la llegada de estos j\u00f3venes a Tucum\u00e1n y colaborar para que conocieran nuestra ciudad y su patrimonio hist\u00f3rico y cultural\u201d, se\u00f1al\u00f3.<\/p>\n\n\n\n<p class=\"wp-block-paragraph\">Chahla valor\u00f3 adem\u00e1s la formaci\u00f3n que reciben los estudiantes de los liceos, con \u00e9nfasis en el deporte, el entrenamiento, la disciplina y el cuidado de la salud f\u00edsica y mental.<\/p>\n\n\n\n<p class=\"wp-block-paragraph\">\u201cEs una convocatoria muy importante, que re\u00fane a tantos j\u00f3venes por un ideal: poner a la patria primero\u201d, afirm\u00f3.<\/p>\n\n\n\n<p class=\"wp-block-paragraph\">La intendenta tambi\u00e9n destac\u00f3 el respeto y el compromiso de los participantes y expres\u00f3 su deseo de que la Argentina no vuelva a atravesar conflictos armados como los del pasado.<\/p>\n\n\n\n<p class=\"wp-block-paragraph\"><strong>Nuevos recursos para la formaci\u00f3n<\/strong><\/p>\n\n\n\n<p class=\"wp-block-paragraph\">Durante la ceremonia tambi\u00e9n se realiz\u00f3 la recepci\u00f3n de aeronaves no tripuladas provistas por el Ministerio de Defensa para la instrucci\u00f3n operativa de los cadetes. La dotaci\u00f3n contempla diez unidades para cada liceo. Nueve est\u00e1n destinadas al entrenamiento en reconocimiento a\u00e9reo y una al vuelo t\u00e1ctico FPV.<\/p>\n\n\n\n<p class=\"wp-block-paragraph\">Los equipos se integrar\u00e1n al sistema SIMDRON y al aula de Ciberdefensa, con el objetivo de incorporar pr\u00e1cticas concretas a la formaci\u00f3n t\u00e9cnica de los estudiantes.<\/p>\n\n\n\n<p class=\"wp-block-paragraph\"><strong>Las instituciones participantes<\/strong><\/p>\n\n\n\n<ul class=\"wp-block-list\">\n<li>Liceo Militar General Ar\u00e1oz de Lamadrid, Tucum\u00e1n.<\/li>\n\n\n\n<li>Liceo Militar General San Mart\u00edn, Buenos Aires.<\/li>\n\n\n\n<li>Liceo Militar General Espejo, Mendoza.<\/li>\n\n\n\n<li>Liceo Militar General Belgrano, Santa Fe.<\/li>\n\n\n\n<li>Liceo Militar General Paz, C\u00f3rdoba.<\/li>\n\n\n\n<li>Liceo Militar General Roca, Chubut.<\/li>\n\n\n\n<li>Liceo Naval Almirante Brown, Buenos Aires.<\/li>\n\n\n\n<li>Liceo Naval Almirante Storni, Misiones.<\/li>\n\n\n\n<li>Instituto Social Militar \u201cDoctor D\u00e1maso Centeno\u201d, Buenos Aires.<\/li>\n<\/ul>\n\n\n\n<figure class=\"wp-block-image size-large\"><img loading=\"lazy\" decoding=\"async\" width=\"1024\" height=\"716\" src=\"https:\/\/masquenoticiastucuman.com.ar\/wp-content\/uploads\/2026\/09\/260903211300_96137-1024x716.png\" alt=\"\" class=\"wp-image-71432\" srcset=\"https:\/\/masquenoticiastucuman.com.ar\/wp-content\/uploads\/2026\/09\/260903211300_96137-1024x716-1.png 1024w, https:\/\/masquenoticiastucuman.com.ar\/wp-content\/uploads\/2026\/09\/260903211300_96137-300x210.png 300w, https:\/\/masquenoticiastucuman.com.ar\/wp-content\/uploads\/2026\/09\/260903211300_96137-768x537.png 768w, https:\/\/masquenoticiastucuman.com.ar\/wp-content\/uploads\/2026\/09\/260903211300_96137-1536x1074.png 1536w, https:\/\/masquenoticiastucuman.com.ar\/wp-content\/uploads\/2026\/09\/260903211300_96137.png 1600w\" sizes=\"auto, (max-width: 1024px) 100vw, 1024px\" \/><\/figure>\n","protected":false},"excerpt":{"rendered":"<p>El encuentro reuni\u00f3 durante la semana a estudiantes de instituciones militares y navales de distintas&#8230;<\/p>\n","protected":false},"author":2,"featured_media":71433,"comment_status":"open","ping_status":"open","sticky":false,"template":"","format":"standard","meta":{"footnotes":"","_members_access_role":[],"_members_access_error":""},"categories":[2],"tags":[],"class_list":["post-71431","post","type-post","status-publish","format-standard","has-post-thumbnail","hentry","category-locales"],"_links":{"self":[{"href":"https:\/\/masquenoticiastucuman.com.ar\/index.php?rest_route=\/wp\/v2\/posts\/71431","targetHints":{"allow":["GET"]}}],"collection":[{"href":"https:\/\/masquenoticiastucuman.com.ar\/index.php?rest_route=\/wp\/v2\/posts"}],"about":[{"href":"https:\/\/masquenoticiastucuman.com.ar\/index.php?rest_route=\/wp\/v2\/types\/post"}],"author":[{"embeddable":true,"href":"https:\/\/masquenoticiastucuman.com.ar\/index.php?rest_route=\/wp\/v2\/users\/2"}],"replies":[{"embeddable":true,"href":"https:\/\/masquenoticiastucuman.com.ar\/index.php?rest_route=%2Fwp%2Fv2%2Fcomments&post=71431"}],"version-history":[{"count":1,"href":"https:\/\/masquenoticiastucuman.com.ar\/index.php?rest_route=\/wp\/v2\/posts\/71431\/revisions"}],"predecessor-version":[{"id":71434,"href":"https:\/\/masquenoticiastucuman.com.ar\/index.php?rest_route=\/wp\/v2\/posts\/71431\/revisions\/71434"}],"wp:featuredmedia":[{"embeddable":true,"href":"https:\/\/masquenoticiastucuman.com.ar\/index.php?rest_route=\/wp\/v2\/media\/71433"}],"wp:attachment":[{"href":"https:\/\/masquenoticiastucuman.com.ar\/index.php?rest_route=%2Fwp%2Fv2%2Fmedia&parent=71431"}],"wp:term":[{"taxonomy":"category","embeddable":true,"href":"https:\/\/masquenoticiastucuman.com.ar\/index.php?rest_route=%2Fwp%2Fv2%2Fcategories&post=71431"},{"taxonomy":"post_tag","embeddable":true,"href":"https:\/\/masquenoticiastucuman.com.ar\/index.php?rest_route=%2Fwp%2Fv2%2Ftags&post=71431"}],"curies":[{"name":"wp","href":"https:\/\/api.w.org\/{rel}","templated":true}]}}