{"id":71435,"date":"2026-09-04T09:47:06","date_gmt":"2026-09-04T12:47:06","guid":{"rendered":"https:\/\/masquenoticiastucuman.com.ar\/?p=71435"},"modified":"2026-09-04T09:47:06","modified_gmt":"2026-09-04T12:47:06","slug":"el-gobernador-felicito-a-las-nuevas-autoridades-electas-de-la-unt","status":"publish","type":"post","link":"https:\/\/masquenoticiastucuman.com.ar\/?p=71435","title":{"rendered":"El Gobernador felicit\u00f3 a las nuevas autoridades electas de la UNT"},"content":{"rendered":"\n<p class=\"wp-block-paragraph\">El mandatario destac\u00f3 la importancia de que la casa de altos estudios haya definido sus autoridades y ratific\u00f3 el acompa\u00f1amiento del Gobierno provincial.<\/p>\n\n\n\n<p class=\"wp-block-paragraph\">El gobernador&nbsp;<strong>Osvaldo Jaldo<\/strong>&nbsp;felicit\u00f3 al rector electo Sergio Mohamed y al vicerrector electo Horacio Madkur, quienes asumir\u00e1n la conducci\u00f3n de la Universidad Nacional de Tucum\u00e1n hasta 2030.&nbsp;<\/p>\n\n\n\n<p class=\"wp-block-paragraph\">En ese sentido, Jaldo destac\u00f3 la relevancia de la Universidad Nacional de Tucum\u00e1n para la provincia, el Norte argentino y el pa\u00eds. \u201cMe alegro mucho que la universidad haya definido sus autoridades, luego de algunos traspi\u00e9s que tuvo en el camino; hoy podamos decir que la Universidad de Tucum\u00e1n ya tiene autoridades\u201d.<\/p>\n\n\n\n<p class=\"wp-block-paragraph\">El Gobernador tambi\u00e9n puso en valor el papel de la UNT dentro del sistema universitario nacional y la importancia de contar con autoridades que conduzcan las instituciones: \u201cLa UNT es una de las universidades m\u00e1s importantes, no solo del norte, sino de la Rep\u00fablica Argentina y todos est\u00e1bamos preocupados por esta incertidumbre, porque en todas las instituciones tiene que haber conducci\u00f3n\u201d.<\/p>\n\n\n\n<p class=\"wp-block-paragraph\">Jaldo celebr\u00f3 que la comunidad universitaria haya completado el proceso de elecci\u00f3n de sus autoridades y expres\u00f3 sus buenos deseos para la nueva gesti\u00f3n. \u201cFelicitaciones para los que han sido electos rector y vicerrector, y les deseo mucho \u00e9xito en la gesti\u00f3n\u201d.<\/p>\n\n\n\n<p class=\"wp-block-paragraph\">Finalmente, el Gobernador ratific\u00f3 la disposici\u00f3n del Gobierno de Tucum\u00e1n para acompa\u00f1ar a las instituciones universitarias radicadas en la provincia y destac\u00f3 la continuidad de una pol\u00edtica de articulaci\u00f3n con el sistema universitario.<\/p>\n\n\n\n<p class=\"wp-block-paragraph\">\u201cDesde el gobierno provincial en lo que podamos ser \u00fatiles para apoyar a la Universidad Nacional de Tucum\u00e1n y a las cinco universidades radicadas en la provincia, lo vamos a hacer como lo venimos haciendo\u201d, concluy\u00f3.&nbsp;<\/p>\n","protected":false},"excerpt":{"rendered":"<p>El mandatario destac\u00f3 la importancia de que la casa de altos estudios haya definido sus&#8230;<\/p>\n","protected":false},"author":2,"featured_media":71436,"comment_status":"open","ping_status":"open","sticky":false,"template":"","format":"standard","meta":{"footnotes":"","_members_access_role":[],"_members_access_error":""},"categories":[2],"tags":[],"class_list":["post-71435","post","type-post","status-publish","format-standard","has-post-thumbnail","hentry","category-locales"],"_links":{"self":[{"href":"https:\/\/masquenoticiastucuman.com.ar\/index.php?rest_route=\/wp\/v2\/posts\/71435","targetHints":{"allow":["GET"]}}],"collection":[{"href":"https:\/\/masquenoticiastucuman.com.ar\/index.php?rest_route=\/wp\/v2\/posts"}],"about":[{"href":"https:\/\/masquenoticiastucuman.com.ar\/index.php?rest_route=\/wp\/v2\/types\/post"}],"author":[{"embeddable":true,"href":"https:\/\/masquenoticiastucuman.com.ar\/index.php?rest_route=\/wp\/v2\/users\/2"}],"replies":[{"embeddable":true,"href":"https:\/\/masquenoticiastucuman.com.ar\/index.php?rest_route=%2Fwp%2Fv2%2Fcomments&post=71435"}],"version-history":[{"count":1,"href":"https:\/\/masquenoticiastucuman.com.ar\/index.php?rest_route=\/wp\/v2\/posts\/71435\/revisions"}],"predecessor-version":[{"id":71437,"href":"https:\/\/masquenoticiastucuman.com.ar\/index.php?rest_route=\/wp\/v2\/posts\/71435\/revisions\/71437"}],"wp:featuredmedia":[{"embeddable":true,"href":"https:\/\/masquenoticiastucuman.com.ar\/index.php?rest_route=\/wp\/v2\/media\/71436"}],"wp:attachment":[{"href":"https:\/\/masquenoticiastucuman.com.ar\/index.php?rest_route=%2Fwp%2Fv2%2Fmedia&parent=71435"}],"wp:term":[{"taxonomy":"category","embeddable":true,"href":"https:\/\/masquenoticiastucuman.com.ar\/index.php?rest_route=%2Fwp%2Fv2%2Fcategories&post=71435"},{"taxonomy":"post_tag","embeddable":true,"href":"https:\/\/masquenoticiastucuman.com.ar\/index.php?rest_route=%2Fwp%2Fv2%2Ftags&post=71435"}],"curies":[{"name":"wp","href":"https:\/\/api.w.org\/{rel}","templated":true}]}}