{"id":71438,"date":"2026-09-04T10:06:44","date_gmt":"2026-09-04T13:06:44","guid":{"rendered":"https:\/\/masquenoticiastucuman.com.ar\/?p=71438"},"modified":"2026-09-04T10:06:45","modified_gmt":"2026-09-04T13:06:45","slug":"jaldo-y-chahla-inauguraron-el-paseo-alberdi-ia-en-pleno-centro","status":"publish","type":"post","link":"https:\/\/masquenoticiastucuman.com.ar\/?p=71438","title":{"rendered":"Jaldo y Chahla inauguraron el Paseo Alberdi IA en pleno centro"},"content":{"rendered":"\n<p class=\"wp-block-paragraph\">El gobernador Osvaldo Jaldo y la intendenta Rossana Chahla participaron de la inauguraci\u00f3n del espacio ubicado en la esquina de 24 de Septiembre y 25 de Mayo, que recuper\u00f3 un sector para el encuentro y la difusi\u00f3n de la historia del pr\u00f3cer tucumano.<\/p>\n\n\n\n<p class=\"wp-block-paragraph\">El gobernador&nbsp;<strong>Osvaldo Jaldo<\/strong>&nbsp;y la intendenta de San Miguel de Tucum\u00e1n,&nbsp;<strong>Rossana Chahla<\/strong>, inauguraron este jueves el Paseo Alberdi IA, un espacio dedicado a homenajear al pr\u00f3cer tucumano Juan Bautista Alberdi. La intervenci\u00f3n se realiz\u00f3 en la esquina de 24 de Septiembre y 25 de Mayo y recuper\u00f3 un sector del centro de la Capital para el encuentro, la cultura y la difusi\u00f3n de la historia.<\/p>\n\n\n\n<p class=\"wp-block-paragraph\">Acompa\u00f1aron el Primer Mandatario provincial y la jefa municipal, e<strong>l ministro de Salud, Luis Medina Ruiz, el presidente del Concejo Deliberante, Fernando Juri, el secretario general de la Gobernaci\u00f3n, Federico Nazur, la Fiscal de Estado, Gilda Pedicone de Vals, el secretario de Planeamiento, Javier Morof, el presidente del Ente de Turismo, Domingo Amaya, la presidenta de la Asociaci\u00f3n Argentina de la Magistratura, Marcela Ruiz, el c\u00f3nsul de Italia, Sergio Ricciuti, autoridades acad\u00e9micas, el muse\u00f3logo Gabriel Miremont, el escritor Carlos Benavides, el escultor Jacob Paz, la artista Julieta Lombardeli, vecinos.<\/strong><\/p>\n\n\n\n<p class=\"wp-block-paragraph\">Durante el acto, Jaldo destac\u00f3 el trabajo conjunto que permiti\u00f3 concretar el paseo y agradeci\u00f3 a quienes participaron del proyecto, entre ellos empresarios tucumanos que cedieron espacios y colaboraron con la recuperaci\u00f3n del lugar.<\/p>\n\n\n\n<blockquote class=\"wp-block-quote is-layout-flow wp-block-quote-is-layout-flow\">\n<p class=\"wp-block-paragraph\">\u201cQuer\u00edamos estar acompa\u00f1ando a la se\u00f1ora intendenta a la inauguraci\u00f3n de este hermoso Paseo Alberdi IA y la verdad que debemos agradecer a todos los que colaboraron, todos los que pusieron un granito de arena para que hoy los tucumanos tengamos este hermoso paseo digno de disfrutar, un espacio p\u00fablico recuperado\u201d, expres\u00f3.<\/p>\n<\/blockquote>\n\n\n\n<p class=\"wp-block-paragraph\">El Gobernador sostuvo que la iniciativa represent\u00f3 una forma de reconocer el aporte de Alberdi a la organizaci\u00f3n institucional del pa\u00eds y record\u00f3 el papel que tuvo Tucum\u00e1n en distintos momentos de la historia argentina.<\/p>\n\n\n\n<figure class=\"wp-block-image size-large\"><img loading=\"lazy\" decoding=\"async\" width=\"1024\" height=\"682\" src=\"https:\/\/masquenoticiastucuman.com.ar\/wp-content\/uploads\/2026\/09\/260903195136_23885-1024x682.jpeg\" alt=\"\" class=\"wp-image-71439\" srcset=\"https:\/\/masquenoticiastucuman.com.ar\/wp-content\/uploads\/2026\/09\/260903195136_23885-1024x682.jpeg 1024w, https:\/\/masquenoticiastucuman.com.ar\/wp-content\/uploads\/2026\/09\/260903195136_23885-300x200.jpeg 300w, https:\/\/masquenoticiastucuman.com.ar\/wp-content\/uploads\/2026\/09\/260903195136_23885-767x511.jpeg 767w, https:\/\/masquenoticiastucuman.com.ar\/wp-content\/uploads\/2026\/09\/260903195136_23885-1023x682.jpeg 1023w, https:\/\/masquenoticiastucuman.com.ar\/wp-content\/uploads\/2026\/09\/260903195136_23885.jpeg 1280w\" sizes=\"auto, (max-width: 1024px) 100vw, 1024px\" \/><\/figure>\n\n\n\n<p class=\"wp-block-paragraph\">\u201cYo dir\u00eda que los tucumanos estamos empezando a saldar deuda con nuestros pr\u00f3ceres. No nos olvidemos que Tucum\u00e1n ha tenido un rol protagonista en lo que tiene que ver la historia argentina y, sobre todo, la declaraci\u00f3n de la independencia\u201d, afirm\u00f3.<\/p>\n\n\n\n<p class=\"wp-block-paragraph\">En ese sentido, record\u00f3 la Batalla de Tucum\u00e1n y el papel del gobernador Bernab\u00e9 Ar\u00e1oz, quien decidi\u00f3 que el enfrentamiento se produjera en territorio tucumano. Tambi\u00e9n destac\u00f3 el proceso que culmin\u00f3 con la Declaraci\u00f3n de la Independencia, el 9 de julio de 1816.<\/p>\n\n\n\n<blockquote class=\"wp-block-quote is-layout-flow wp-block-quote-is-layout-flow\">\n<p class=\"wp-block-paragraph\">Jaldo remarc\u00f3 adem\u00e1s la importancia de Alberdi en la organizaci\u00f3n jur\u00eddica de la Argentina. \u201cFue \u00e9l a quien le toc\u00f3 organizar constitucionalmente lo que es nuestra querida patria argentina. Y gracias a otro tucumano como Juan Bautista Alberdi, se sentaron las bases de lo que es la actual Constituci\u00f3n Nacional. Y con la Constituci\u00f3n Nacional se le dio un orden jur\u00eddico a nuestro pa\u00eds\u201d, se\u00f1al\u00f3.<\/p>\n<\/blockquote>\n\n\n\n<p class=\"wp-block-paragraph\">El mandatario tambi\u00e9n record\u00f3 que el pasado 29 de agosto se conmemor\u00f3 un nuevo aniversario del nacimiento de Alberdi y destac\u00f3 la coincidencia hist\u00f3rica de su nacimiento, en 1810, con los primeros pasos de la conformaci\u00f3n del gobierno patrio.<\/p>\n\n\n\n<p class=\"wp-block-paragraph\">\u201cLos tucumanos tenemos que tener mucho m\u00e1s presente la participaci\u00f3n que han tenido muchos h\u00e9roes, hombres y mujeres tucumanas, en el rol de la declaraci\u00f3n de nuestra independencia y en el rol que hemos tenido para que hoy la Argentina tenga patria\u201d, sostuvo.<\/p>\n\n\n\n<figure class=\"wp-block-image size-large\"><img loading=\"lazy\" decoding=\"async\" width=\"1024\" height=\"682\" src=\"https:\/\/masquenoticiastucuman.com.ar\/wp-content\/uploads\/2026\/09\/260903195147_67298-1024x682.jpeg\" alt=\"\" class=\"wp-image-71440\" srcset=\"https:\/\/masquenoticiastucuman.com.ar\/wp-content\/uploads\/2026\/09\/260903195147_67298-1024x682.jpeg 1024w, https:\/\/masquenoticiastucuman.com.ar\/wp-content\/uploads\/2026\/09\/260903195147_67298-300x200.jpeg 300w, https:\/\/masquenoticiastucuman.com.ar\/wp-content\/uploads\/2026\/09\/260903195147_67298-767x511.jpeg 767w, https:\/\/masquenoticiastucuman.com.ar\/wp-content\/uploads\/2026\/09\/260903195147_67298-1023x682.jpeg 1023w, https:\/\/masquenoticiastucuman.com.ar\/wp-content\/uploads\/2026\/09\/260903195147_67298.jpeg 1280w\" sizes=\"auto, (max-width: 1024px) 100vw, 1024px\" \/><\/figure>\n\n\n\n<h3 class=\"wp-block-heading\">Un lugar para el pr\u00f3cer<\/h3>\n\n\n\n<p class=\"wp-block-paragraph\">Por su parte, Chahla destac\u00f3 el acompa\u00f1amiento del Gobierno provincial y se\u00f1al\u00f3 que el proyecto busc\u00f3 generar un espacio de encuentro y conocimiento para los tucumanos y quienes visitan la provincia.<\/p>\n\n\n\n<p class=\"wp-block-paragraph\">\u201cAc\u00e1, con el acompa\u00f1amiento del se\u00f1or gobernador, Osvaldo Jaldo, quien apoy\u00f3 desde el principio este proyecto, la verdad que para nosotros fue darle un lugar m\u00e1s de encuentro a todos los tucumanos, a todos los turistas tambi\u00e9n\u201d, expres\u00f3.<\/p>\n\n\n\n<blockquote class=\"wp-block-quote is-layout-flow wp-block-quote-is-layout-flow\">\n<p class=\"wp-block-paragraph\">La intendenta remarc\u00f3 que el paseo tambi\u00e9n tuvo como objetivo acercar la historia a las nuevas generaciones. \u201cEs muy bueno, pero generando tambi\u00e9n la cultura en los ni\u00f1os, educando en los j\u00f3venes para que conozcan nuestra cultura, nuestras ra\u00edces. Juan Bautista Alberdi ha sido una persona que ha hecho mucho por nuestra querida patria, por nuestra Argentina, por nuestra Rep\u00fablica\u201d, afirm\u00f3.<\/p>\n<\/blockquote>\n\n\n\n<p class=\"wp-block-paragraph\">Chahla explic\u00f3 que para el desarrollo del proyecto se convoc\u00f3 al muse\u00f3logo Gabriel Miremont, responsable del dise\u00f1o, y al escultor Carlos Benavides, autor del busto de Alberdi emplazado en el lugar.<\/p>\n\n\n\n<p class=\"wp-block-paragraph\">\u201cQuer\u00edamos tener un lugar que realmente sea un homenaje\u201d, sostuvo la intendenta, quien tambi\u00e9n agradeci\u00f3 a los vecinos y comerciantes de la zona por el acompa\u00f1amiento durante la ejecuci\u00f3n de la obra.<\/p>\n\n\n\n<p class=\"wp-block-paragraph\">\u201cEsto genera comunidad, encuentro y tambi\u00e9n conocimiento. Hoy estamos inaugurando esto para todos los sanmiguelinos, pero tambi\u00e9n es para toda la provincia y es para todos nuestros turistas\u201d, concluy\u00f3.<\/p>\n","protected":false},"excerpt":{"rendered":"<p>El gobernador Osvaldo Jaldo y la intendenta Rossana Chahla participaron de la inauguraci\u00f3n del espacio&#8230;<\/p>\n","protected":false},"author":2,"featured_media":71441,"comment_status":"open","ping_status":"open","sticky":false,"template":"","format":"standard","meta":{"footnotes":"","_members_access_role":[],"_members_access_error":""},"categories":[2],"tags":[],"class_list":["post-71438","post","type-post","status-publish","format-standard","has-post-thumbnail","hentry","category-locales"],"_links":{"self":[{"href":"https:\/\/masquenoticiastucuman.com.ar\/index.php?rest_route=\/wp\/v2\/posts\/71438","targetHints":{"allow":["GET"]}}],"collection":[{"href":"https:\/\/masquenoticiastucuman.com.ar\/index.php?rest_route=\/wp\/v2\/posts"}],"about":[{"href":"https:\/\/masquenoticiastucuman.com.ar\/index.php?rest_route=\/wp\/v2\/types\/post"}],"author":[{"embeddable":true,"href":"https:\/\/masquenoticiastucuman.com.ar\/index.php?rest_route=\/wp\/v2\/users\/2"}],"replies":[{"embeddable":true,"href":"https:\/\/masquenoticiastucuman.com.ar\/index.php?rest_route=%2Fwp%2Fv2%2Fcomments&post=71438"}],"version-history":[{"count":1,"href":"https:\/\/masquenoticiastucuman.com.ar\/index.php?rest_route=\/wp\/v2\/posts\/71438\/revisions"}],"predecessor-version":[{"id":71442,"href":"https:\/\/masquenoticiastucuman.com.ar\/index.php?rest_route=\/wp\/v2\/posts\/71438\/revisions\/71442"}],"wp:featuredmedia":[{"embeddable":true,"href":"https:\/\/masquenoticiastucuman.com.ar\/index.php?rest_route=\/wp\/v2\/media\/71441"}],"wp:attachment":[{"href":"https:\/\/masquenoticiastucuman.com.ar\/index.php?rest_route=%2Fwp%2Fv2%2Fmedia&parent=71438"}],"wp:term":[{"taxonomy":"category","embeddable":true,"href":"https:\/\/masquenoticiastucuman.com.ar\/index.php?rest_route=%2Fwp%2Fv2%2Fcategories&post=71438"},{"taxonomy":"post_tag","embeddable":true,"href":"https:\/\/masquenoticiastucuman.com.ar\/index.php?rest_route=%2Fwp%2Fv2%2Ftags&post=71438"}],"curies":[{"name":"wp","href":"https:\/\/api.w.org\/{rel}","templated":true}]}}