{"id":71445,"date":"2026-09-04T09:34:11","date_gmt":"2026-09-04T12:34:11","guid":{"rendered":"http:\/\/masquenoticiastucuman.com.ar\/?p=71445"},"modified":"2026-09-04T09:34:11","modified_gmt":"2026-09-04T12:34:11","slug":"muchos-italianos-se-resistieron-durante-mucho-tiempo-al-aire-acondicionado-luego-europa-se-volvio-mas-calurosa","status":"publish","type":"post","link":"https:\/\/masquenoticiastucuman.com.ar\/?p=71445","title":{"rendered":"Muchos italianos se resistieron durante mucho tiempo al aire acondicionado. Luego, Europa se volvi\u00f3 m\u00e1s calurosa"},"content":{"rendered":"<ul>\n<li>Ante las temperaturas r\u00e9cord que se registran en el continente, los hogares y las empresas de Italia est\u00e1n instalando cada vez m\u00e1s sistemas de refrigeraci\u00f3n.<\/li>\n<\/ul>\n<p>\u200bAnte las temperaturas r\u00e9cord que se registran en el continente, los hogares y las empresas de Italia est\u00e1n instalando cada vez m\u00e1s sistemas de refrigeraci\u00f3n.\u00a0<a href=\"https:\/\/www.clarin.com\/new-york-times-international-weekly\/italianos-resistieron-tiempo-aire-acondicionado-luego-europa-volvio-calurosa_0_ze14eNZO48.html\" target=\"_blank\" class=\"feedzy-rss-link-icon\">Read More<\/a><\/p>","protected":false},"excerpt":{"rendered":"<p>Ante las temperaturas r\u00e9cord que se registran en el continente, los hogares y las empresas&#8230;<\/p>\n","protected":false},"author":1,"featured_media":71446,"comment_status":"open","ping_status":"open","sticky":false,"template":"","format":"standard","meta":{"footnotes":"","_members_access_role":[],"_members_access_error":""},"categories":[4],"tags":[],"class_list":["post-71445","post","type-post","status-publish","format-standard","has-post-thumbnail","hentry","category-internacionales"],"_links":{"self":[{"href":"https:\/\/masquenoticiastucuman.com.ar\/index.php?rest_route=\/wp\/v2\/posts\/71445","targetHints":{"allow":["GET"]}}],"collection":[{"href":"https:\/\/masquenoticiastucuman.com.ar\/index.php?rest_route=\/wp\/v2\/posts"}],"about":[{"href":"https:\/\/masquenoticiastucuman.com.ar\/index.php?rest_route=\/wp\/v2\/types\/post"}],"author":[{"embeddable":true,"href":"https:\/\/masquenoticiastucuman.com.ar\/index.php?rest_route=\/wp\/v2\/users\/1"}],"replies":[{"embeddable":true,"href":"https:\/\/masquenoticiastucuman.com.ar\/index.php?rest_route=%2Fwp%2Fv2%2Fcomments&post=71445"}],"version-history":[{"count":0,"href":"https:\/\/masquenoticiastucuman.com.ar\/index.php?rest_route=\/wp\/v2\/posts\/71445\/revisions"}],"wp:featuredmedia":[{"embeddable":true,"href":"https:\/\/masquenoticiastucuman.com.ar\/index.php?rest_route=\/wp\/v2\/media\/71446"}],"wp:attachment":[{"href":"https:\/\/masquenoticiastucuman.com.ar\/index.php?rest_route=%2Fwp%2Fv2%2Fmedia&parent=71445"}],"wp:term":[{"taxonomy":"category","embeddable":true,"href":"https:\/\/masquenoticiastucuman.com.ar\/index.php?rest_route=%2Fwp%2Fv2%2Fcategories&post=71445"},{"taxonomy":"post_tag","embeddable":true,"href":"https:\/\/masquenoticiastucuman.com.ar\/index.php?rest_route=%2Fwp%2Fv2%2Ftags&post=71445"}],"curies":[{"name":"wp","href":"https:\/\/api.w.org\/{rel}","templated":true}]}}