{"id":71447,"date":"2026-09-04T09:16:21","date_gmt":"2026-09-04T12:16:21","guid":{"rendered":"http:\/\/masquenoticiastucuman.com.ar\/?p=71447"},"modified":"2026-09-04T09:16:21","modified_gmt":"2026-09-04T12:16:21","slug":"crece-el-escandalo-de-corrupcion-en-el-maximo-tribunal-de-brasil-lula-pide-investigar-sin-blindajes","status":"publish","type":"post","link":"https:\/\/masquenoticiastucuman.com.ar\/?p=71447","title":{"rendered":"Crece el esc\u00e1ndalo de corrupci\u00f3n en el m\u00e1ximo tribunal de Brasil: Lula pide investigar &#8220;sin blindajes&#8221;"},"content":{"rendered":"<ul>\n<li>El presidente brasile\u00f1o exigi\u00f3 indagar un megaesc\u00e1ndalo de corrupci\u00f3n que ha desatado una crisis en la corte suprema, con uno de sus jueces apuntado por otro como posible implicado.<\/li>\n<li>El in\u00e9dito pulso en el m\u00e1ximo tribunal se agrava a un mes de los comicios de octubre.<\/li>\n<\/ul>\n<p>\u200bEl presidente brasile\u00f1o exigi\u00f3 indagar un megaesc\u00e1ndalo de corrupci\u00f3n que ha desatado una crisis en la corte suprema, con uno de sus jueces apuntado por otro como posible implicado.El in\u00e9dito pulso en el m\u00e1ximo tribunal se agrava a un mes de los comicios de octubre.\u00a0<a href=\"https:\/\/www.clarin.com\/mundo\/crece-escandalo-corrupcion-maximo-tribunal-brasil-lula-pide-investigar-blindajes_0_LV3i1RMZaY.html\" target=\"_blank\" class=\"feedzy-rss-link-icon\">Read More<\/a><\/p>","protected":false},"excerpt":{"rendered":"<p>El presidente brasile\u00f1o exigi\u00f3 indagar un megaesc\u00e1ndalo de corrupci\u00f3n que ha desatado una crisis en&#8230;<\/p>\n","protected":false},"author":1,"featured_media":71448,"comment_status":"open","ping_status":"open","sticky":false,"template":"","format":"standard","meta":{"footnotes":"","_members_access_role":[],"_members_access_error":""},"categories":[4],"tags":[],"class_list":["post-71447","post","type-post","status-publish","format-standard","has-post-thumbnail","hentry","category-internacionales"],"_links":{"self":[{"href":"https:\/\/masquenoticiastucuman.com.ar\/index.php?rest_route=\/wp\/v2\/posts\/71447","targetHints":{"allow":["GET"]}}],"collection":[{"href":"https:\/\/masquenoticiastucuman.com.ar\/index.php?rest_route=\/wp\/v2\/posts"}],"about":[{"href":"https:\/\/masquenoticiastucuman.com.ar\/index.php?rest_route=\/wp\/v2\/types\/post"}],"author":[{"embeddable":true,"href":"https:\/\/masquenoticiastucuman.com.ar\/index.php?rest_route=\/wp\/v2\/users\/1"}],"replies":[{"embeddable":true,"href":"https:\/\/masquenoticiastucuman.com.ar\/index.php?rest_route=%2Fwp%2Fv2%2Fcomments&post=71447"}],"version-history":[{"count":0,"href":"https:\/\/masquenoticiastucuman.com.ar\/index.php?rest_route=\/wp\/v2\/posts\/71447\/revisions"}],"wp:featuredmedia":[{"embeddable":true,"href":"https:\/\/masquenoticiastucuman.com.ar\/index.php?rest_route=\/wp\/v2\/media\/71448"}],"wp:attachment":[{"href":"https:\/\/masquenoticiastucuman.com.ar\/index.php?rest_route=%2Fwp%2Fv2%2Fmedia&parent=71447"}],"wp:term":[{"taxonomy":"category","embeddable":true,"href":"https:\/\/masquenoticiastucuman.com.ar\/index.php?rest_route=%2Fwp%2Fv2%2Fcategories&post=71447"},{"taxonomy":"post_tag","embeddable":true,"href":"https:\/\/masquenoticiastucuman.com.ar\/index.php?rest_route=%2Fwp%2Fv2%2Ftags&post=71447"}],"curies":[{"name":"wp","href":"https:\/\/api.w.org\/{rel}","templated":true}]}}