{"id":71450,"date":"2026-09-04T07:57:43","date_gmt":"2026-09-04T10:57:43","guid":{"rendered":"http:\/\/masquenoticiastucuman.com.ar\/?p=71450"},"modified":"2026-09-04T07:57:43","modified_gmt":"2026-09-04T10:57:43","slug":"golpe-para-alpine-la-fia-ratifico-la-sancion-a-gasly-en-el-gp-de-monaco-y-el-equipo-de-colapinto-perdio-el-podio","status":"publish","type":"post","link":"https:\/\/masquenoticiastucuman.com.ar\/?p=71450","title":{"rendered":"Golpe para Alpine: la FIA ratific\u00f3 la sanci\u00f3n a Gasly en el GP de M\u00f3naco y el equipo de Colapinto perdi\u00f3 el podio"},"content":{"rendered":"<ul>\n<li>La decisi\u00f3n se conoci\u00f3 en el arranque del fin de semana de la F\u00f3rmula 1 en Monza.<\/li>\n<li>El piloto franc\u00e9s qued\u00f3 7mo y la escuder\u00eda perdi\u00f3 9 puntos, alej\u00e1ndose de Racing Bulls.<\/li>\n<li>Isack Hadjar fue el gran beneficiado por el fallo: hered\u00f3 el tercer puesto.<\/li>\n<\/ul>\n<p>\u200bLa decisi\u00f3n se conoci\u00f3 en el arranque del fin de semana de la F\u00f3rmula 1 en Monza.El piloto franc\u00e9s qued\u00f3 7mo y la escuder\u00eda perdi\u00f3 9 puntos, alej\u00e1ndose de Racing Bulls.Isack Hadjar fue el gran beneficiado por el fallo: hered\u00f3 el tercer puesto.\u00a0<a href=\"https:\/\/www.clarin.com\/deportes\/golpe-gasly-fia-ratifico-sancion-gp-monaco-perdio-podio_0_EtwyGq3hvj.html\" target=\"_blank\" class=\"feedzy-rss-link-icon\">Read More<\/a><\/p>","protected":false},"excerpt":{"rendered":"<p>La decisi\u00f3n se conoci\u00f3 en el arranque del fin de semana de la F\u00f3rmula 1&#8230;<\/p>\n","protected":false},"author":1,"featured_media":0,"comment_status":"open","ping_status":"open","sticky":false,"template":"","format":"standard","meta":{"footnotes":"","_members_access_role":[],"_members_access_error":""},"categories":[6],"tags":[],"class_list":["post-71450","post","type-post","status-publish","format-standard","has-post-thumbnail","hentry","category-deportes"],"_links":{"self":[{"href":"https:\/\/masquenoticiastucuman.com.ar\/index.php?rest_route=\/wp\/v2\/posts\/71450","targetHints":{"allow":["GET"]}}],"collection":[{"href":"https:\/\/masquenoticiastucuman.com.ar\/index.php?rest_route=\/wp\/v2\/posts"}],"about":[{"href":"https:\/\/masquenoticiastucuman.com.ar\/index.php?rest_route=\/wp\/v2\/types\/post"}],"author":[{"embeddable":true,"href":"https:\/\/masquenoticiastucuman.com.ar\/index.php?rest_route=\/wp\/v2\/users\/1"}],"replies":[{"embeddable":true,"href":"https:\/\/masquenoticiastucuman.com.ar\/index.php?rest_route=%2Fwp%2Fv2%2Fcomments&post=71450"}],"version-history":[{"count":0,"href":"https:\/\/masquenoticiastucuman.com.ar\/index.php?rest_route=\/wp\/v2\/posts\/71450\/revisions"}],"wp:attachment":[{"href":"https:\/\/masquenoticiastucuman.com.ar\/index.php?rest_route=%2Fwp%2Fv2%2Fmedia&parent=71450"}],"wp:term":[{"taxonomy":"category","embeddable":true,"href":"https:\/\/masquenoticiastucuman.com.ar\/index.php?rest_route=%2Fwp%2Fv2%2Fcategories&post=71450"},{"taxonomy":"post_tag","embeddable":true,"href":"https:\/\/masquenoticiastucuman.com.ar\/index.php?rest_route=%2Fwp%2Fv2%2Ftags&post=71450"}],"curies":[{"name":"wp","href":"https:\/\/api.w.org\/{rel}","templated":true}]}}