{"id":71454,"date":"2026-09-04T11:50:57","date_gmt":"2026-09-04T14:50:57","guid":{"rendered":"https:\/\/masquenoticiastucuman.com.ar\/?p=71454"},"modified":"2026-09-04T11:53:13","modified_gmt":"2026-09-04T14:53:13","slug":"malvinas-las-claves-de-los-anuncios-de-milei-sobre-sanciones-explotacion-petrolera-y-una-nueva-base-naval","status":"publish","type":"post","link":"https:\/\/masquenoticiastucuman.com.ar\/?p=71454","title":{"rendered":"Malvinas: las claves de los anuncios de Milei sobre sanciones, explotaci\u00f3n petrolera y una nueva base naval"},"content":{"rendered":"\n<p class=\"wp-block-paragraph\">El Presidente anunci\u00f3 que enviar\u00e1 al Congreso un proyecto para endurecer las sanciones contra las empresas que exploten recursos naturales en Malvinas sin autorizaci\u00f3n argentina, con foco en el proyecto petrolero Sea Lion<\/p>\n\n\n\n<p class=\"wp-block-paragraph\">En un mensaje grabado desde Casa Rosada, el presidente Javier Milei anunci\u00f3 en cadena nacional que el Gobierno enviar\u00e1 al Congreso un proyecto de ley que endurece las sanciones contra las empresas que exploten recursos naturales en las Islas Malvinas.<\/p>\n\n\n\n<p class=\"wp-block-paragraph\">El mandatario se refiri\u00f3 puntualmente al proyecto Sea Lion, un yacimiento offshore ubicado 220 kil\u00f3metros al norte de las islas que es operado por una compa\u00f1\u00eda brit\u00e1nica y una israel\u00ed.<\/p>\n\n\n\n<p class=\"wp-block-paragraph\">\u201cHemos logrado determinar que el proyecto Sea Lion, operado por Navitas Petroleum y Rockhopper Exploration, tiene fecha para iniciar la explotaci\u00f3n petrolera offshore en alg\u00fan momento de los pr\u00f3ximos meses. Si hoy no actuamos con firmeza y celeridad, en pocos meses tendr\u00e1n la capacidad material de apropiarse de las reservas de petr\u00f3leo que yacen bajo nuestro mar\u201d, se\u00f1al\u00f3&nbsp;Milei.<\/p>\n\n\n\n<p class=\"wp-block-paragraph\">El mandatario tambi\u00e9n destac\u00f3 que Estados Unidos est\u00e1 reevaluando su posici\u00f3n sobre Malvinas por tener un \u201csocio confiable\u201d en Argentina. En los \u00faltimos d\u00edas, el mandatario Donald Trump dijo que est\u00e1 dispuesto a revisar la posici\u00f3n de su pa\u00eds sobre el conflicto entre Argentina y el Reino Unido.<\/p>\n\n\n\n<p class=\"wp-block-paragraph\">\u201cLas Malvinas son argentinas, por historia y por derecho. Es una causa nacional\u201d, remarc\u00f3 el Presidente. La cadena nacional tambi\u00e9n tuvo otros anuncios vinculados a Malvinas.<\/p>\n\n\n\n<p class=\"wp-block-paragraph\">Proyecto de ley que endurece sanciones a empresas que exploten recursos en Malvinas<\/p>\n\n\n\n<p class=\"wp-block-paragraph\">El Presidente anunci\u00f3 el env\u00edo al Congreso de un proyecto para endurecer las sanciones a empresas que desarrollen actividades en Malvinas sin permiso del Estado argentino.<\/p>\n\n\n\n<p class=\"wp-block-paragraph\">Se refiri\u00f3 a esta iniciativa como ley de \u201cDefensa de la Soberan\u00eda Nacional\u201d, que tendr\u00e1 como objetivo modificar la Ley 26.659 para endurecer penas a operaciones no autorizadas; crear el Consejo de Seguridad Nacional, que definir\u00e1 una pol\u00edtica de seguridad nacional transversal a todo el Estado, y dotar un marco para la protecci\u00f3n de infraestructura cr\u00edtica de la zona.<\/p>\n\n\n\n<p class=\"wp-block-paragraph\">Sobre las sanciones, se\u00f1al\u00f3 que los proveedores de los proyectos tendr\u00e1n las mismas sanciones que las empresas que operen, que los infractores no podr\u00e1n contratar en territorio argentino, tanto con el sector p\u00fablico como con el privado; y que se aplicar\u00e1, en caso de ser necesario, la ley de juicio en ausencia, sancionada por el Congreso en 2025.<\/p>\n\n\n\n<p class=\"wp-block-paragraph\">En la misma l\u00ednea, anunci\u00f3 que esta misma noche firmar\u00e1 un decreto que le dar\u00e1 mayor celeridad a los procedimientos sancionatorios establecidos en la Ley 26.659.<\/p>\n\n\n\n<p class=\"wp-block-paragraph\">\u201cSea Lion es s\u00f3lo uno de los proyectos que est\u00e1n avanzando en nuestras islas. Existen otros proyectos y otras empresas que tambi\u00e9n representan una amenaza para los intereses estrat\u00e9gicos de la Argentina\u201d, se\u00f1al\u00f3.<\/p>\n\n\n\n<p class=\"wp-block-paragraph\">Un DNU para la construcci\u00f3n de una base naval en Tierra del Fuego<\/p>\n\n\n\n<p class=\"wp-block-paragraph\">\u201cEl Gobierno Nacional ampliar\u00e1 los recursos del Ministerio de Defensa para avanzar en la construcci\u00f3n de una Base Naval Integrada en Tierra del Fuego e incrementar nuestras capacidades en telecomunicaciones. La Base nos convertir\u00e1 en el polo log\u00edstico m\u00e1s importante del Atl\u00e1ntico Sur y ser\u00e1 fundamental para la proyecci\u00f3n geopol\u00edtica de la Argentina\u201d, se\u00f1al\u00f3 Milei.<\/p>\n\n\n\n<p class=\"wp-block-paragraph\">Sin embargo, no brind\u00f3 mayores detalles sobre esa Base Naval.<\/p>\n\n\n\n<p class=\"wp-block-paragraph\">Argentina considera ilegales y clandestinas a las empresas que operan en Sea Lion<\/p>\n\n\n\n<p class=\"wp-block-paragraph\">En 2012 Rockhopper Exploration fue declarada clandestina y sus actividades ilegales mediante una resoluci\u00f3n de la Secretar\u00eda de Energ\u00eda y dispuso su inhabilitaci\u00f3n para operar en Argentina por un plazo de 20 a\u00f1os. Lo mismo hizo sobre Navitas Petroleum, la otra empresa vinculada al proyecto Sea Lion.<\/p>\n\n\n\n<p class=\"wp-block-paragraph\">En 2021, durante el gobierno de Alberto Fern\u00e1ndez (Frente de Todos), se hab\u00eda iniciado el proceso de sanciones contra estas y otras compa\u00f1\u00edas por operar ilegalmente en Malvinas.<\/p>\n\n\n\n<p class=\"wp-block-paragraph\">En diciembre de 2025 la Canciller\u00eda record\u00f3 aquellas resoluciones y expres\u00f3 \u201csu m\u00e1s en\u00e9rgico rechazo\u201d a la \u201cdecisi\u00f3n final de inversi\u00f3n\u201d de las compa\u00f1\u00edas sin la autorizaci\u00f3n del Estado argentino.<\/p>\n\n\n\n<p class=\"wp-block-paragraph\">Esta semana, la Asociaci\u00f3n Argentina de Abogados\/as Ambientalistas (AAdeAA) y el Centro de Ex Combatientes Islas Malvinas La Plata (CECIM) presentaron una acci\u00f3n judicial para intentar frenar el proyecto petrolero Sea Lion.<\/p>\n\n\n\n<p class=\"wp-block-paragraph\">La demanda fue presentada ante el Juzgado Federal de R\u00edo Grande, con competencia sobre Tierra del Fuego, Ant\u00e1rtida e Islas del Atl\u00e1ntico Sur.<\/p>\n","protected":false},"excerpt":{"rendered":"<p>El Presidente anunci\u00f3 que enviar\u00e1 al Congreso un proyecto para endurecer las sanciones contra las&#8230;<\/p>\n","protected":false},"author":2,"featured_media":71455,"comment_status":"open","ping_status":"open","sticky":false,"template":"","format":"standard","meta":{"footnotes":"","_members_access_role":[],"_members_access_error":""},"categories":[3],"tags":[],"class_list":["post-71454","post","type-post","status-publish","format-standard","has-post-thumbnail","hentry","category-nacionales"],"_links":{"self":[{"href":"https:\/\/masquenoticiastucuman.com.ar\/index.php?rest_route=\/wp\/v2\/posts\/71454","targetHints":{"allow":["GET"]}}],"collection":[{"href":"https:\/\/masquenoticiastucuman.com.ar\/index.php?rest_route=\/wp\/v2\/posts"}],"about":[{"href":"https:\/\/masquenoticiastucuman.com.ar\/index.php?rest_route=\/wp\/v2\/types\/post"}],"author":[{"embeddable":true,"href":"https:\/\/masquenoticiastucuman.com.ar\/index.php?rest_route=\/wp\/v2\/users\/2"}],"replies":[{"embeddable":true,"href":"https:\/\/masquenoticiastucuman.com.ar\/index.php?rest_route=%2Fwp%2Fv2%2Fcomments&post=71454"}],"version-history":[{"count":1,"href":"https:\/\/masquenoticiastucuman.com.ar\/index.php?rest_route=\/wp\/v2\/posts\/71454\/revisions"}],"predecessor-version":[{"id":71456,"href":"https:\/\/masquenoticiastucuman.com.ar\/index.php?rest_route=\/wp\/v2\/posts\/71454\/revisions\/71456"}],"wp:featuredmedia":[{"embeddable":true,"href":"https:\/\/masquenoticiastucuman.com.ar\/index.php?rest_route=\/wp\/v2\/media\/71455"}],"wp:attachment":[{"href":"https:\/\/masquenoticiastucuman.com.ar\/index.php?rest_route=%2Fwp%2Fv2%2Fmedia&parent=71454"}],"wp:term":[{"taxonomy":"category","embeddable":true,"href":"https:\/\/masquenoticiastucuman.com.ar\/index.php?rest_route=%2Fwp%2Fv2%2Fcategories&post=71454"},{"taxonomy":"post_tag","embeddable":true,"href":"https:\/\/masquenoticiastucuman.com.ar\/index.php?rest_route=%2Fwp%2Fv2%2Ftags&post=71454"}],"curies":[{"name":"wp","href":"https:\/\/api.w.org\/{rel}","templated":true}]}}