{"id":71457,"date":"2026-09-04T10:55:29","date_gmt":"2026-09-04T13:55:29","guid":{"rendered":"http:\/\/masquenoticiastucuman.com.ar\/?p=71457"},"modified":"2026-09-04T10:55:29","modified_gmt":"2026-09-04T13:55:29","slug":"insulto-y-locura-la-historica-catedral-de-st-paul-contrata-a-un-dj-por-cuatro-anos","status":"publish","type":"post","link":"https:\/\/masquenoticiastucuman.com.ar\/?p=71457","title":{"rendered":"&#8220;Insulto y locura&#8221;: la hist\u00f3rica Catedral de St. Paul contrata a un DJ por cuatro a\u00f1os"},"content":{"rendered":"<ul>\n<li>El contrato permite a la discoteca Fabric organizar conciertos &#8220;rave&#8221; en el emblem\u00e1tico templo anglicano.<\/li>\n<li>Con m\u00e1s de 300 a\u00f1os de antig\u00fcedad, la imponente iglesia ha sido escenario de funerales de Estado y casamientos reales, y alberga las tumbas de personalidades como el almirante Nelson.<\/li>\n<\/ul>\n<p>\u200bEl contrato permite a la discoteca Fabric organizar conciertos &#8220;rave&#8221; en el emblem\u00e1tico templo anglicano.Con m\u00e1s de 300 a\u00f1os de antig\u00fcedad, la imponente iglesia ha sido escenario de funerales de Estado y casamientos reales, y alberga las tumbas de personalidades como el almirante Nelson.\u00a0<a href=\"https:\/\/www.clarin.com\/mundo\/insulto-locura-historica-catedral-st-paul-contrata-dj-anos_0_CZ9x8IKnnT.html\" target=\"_blank\" class=\"feedzy-rss-link-icon\">Read More<\/a><\/p>","protected":false},"excerpt":{"rendered":"<p>El contrato permite a la discoteca Fabric organizar conciertos &#8220;rave&#8221; en el emblem\u00e1tico templo anglicano&#8230;.<\/p>\n","protected":false},"author":1,"featured_media":71458,"comment_status":"open","ping_status":"open","sticky":false,"template":"","format":"standard","meta":{"footnotes":"","_members_access_role":[],"_members_access_error":""},"categories":[4],"tags":[],"class_list":["post-71457","post","type-post","status-publish","format-standard","has-post-thumbnail","hentry","category-internacionales"],"_links":{"self":[{"href":"https:\/\/masquenoticiastucuman.com.ar\/index.php?rest_route=\/wp\/v2\/posts\/71457","targetHints":{"allow":["GET"]}}],"collection":[{"href":"https:\/\/masquenoticiastucuman.com.ar\/index.php?rest_route=\/wp\/v2\/posts"}],"about":[{"href":"https:\/\/masquenoticiastucuman.com.ar\/index.php?rest_route=\/wp\/v2\/types\/post"}],"author":[{"embeddable":true,"href":"https:\/\/masquenoticiastucuman.com.ar\/index.php?rest_route=\/wp\/v2\/users\/1"}],"replies":[{"embeddable":true,"href":"https:\/\/masquenoticiastucuman.com.ar\/index.php?rest_route=%2Fwp%2Fv2%2Fcomments&post=71457"}],"version-history":[{"count":0,"href":"https:\/\/masquenoticiastucuman.com.ar\/index.php?rest_route=\/wp\/v2\/posts\/71457\/revisions"}],"wp:featuredmedia":[{"embeddable":true,"href":"https:\/\/masquenoticiastucuman.com.ar\/index.php?rest_route=\/wp\/v2\/media\/71458"}],"wp:attachment":[{"href":"https:\/\/masquenoticiastucuman.com.ar\/index.php?rest_route=%2Fwp%2Fv2%2Fmedia&parent=71457"}],"wp:term":[{"taxonomy":"category","embeddable":true,"href":"https:\/\/masquenoticiastucuman.com.ar\/index.php?rest_route=%2Fwp%2Fv2%2Fcategories&post=71457"},{"taxonomy":"post_tag","embeddable":true,"href":"https:\/\/masquenoticiastucuman.com.ar\/index.php?rest_route=%2Fwp%2Fv2%2Ftags&post=71457"}],"curies":[{"name":"wp","href":"https:\/\/api.w.org\/{rel}","templated":true}]}}